{"id":200,"date":"2022-01-05T12:54:47","date_gmt":"2022-01-05T12:54:47","guid":{"rendered":"https:\/\/informacaoevalor.com\/?p=200"},"modified":"2022-08-31T21:59:08","modified_gmt":"2022-08-31T21:59:08","slug":"saiba-se-o-seu-carro-e-isento-de-ipva-em-2022","status":"publish","type":"post","link":"https:\/\/informacaoevalor.com\/fi\/saiba-se-o-seu-carro-e-isento-de-ipva-em-2022\/","title":{"rendered":"Ota selv\u00e4\u00e4, onko autosi vapautettu IPVA:sta (ajoneuvon omaisuusverosta) vuonna 2022."},"content":{"rendered":"<div class=\"mx-5 sm:mx-0 prose leading-relaxed text-lg mb-5 text-left wp-paragraph\">\n<p><em>Korkeammista yll\u00e4pitokustannuksista huolimatta vanhemmilla autoilla on joitakin etuja. N\u00e4ihin kuuluu ajoneuvon omaisuusveron (IPVA) vapautus valmistusvuodesta riippuen. Katso alla.<\/em><\/p>\n<\/div><div class=\"mx-5 sm:mx-0 prose leading-relaxed text-lg mb-5 text-left wp-paragraph\">\n<p>Ajoneuvovero (IPVA) nousi vuonna 2022, mutta joidenkin kuljettajien ei tarvitse huolehtia siit\u00e4.<\/p>\n<\/div><div class=\"mx-5 sm:mx-0 prose leading-relaxed text-lg mb-5 text-left wp-paragraph\">\n<p>T\u00e4m\u00e4 johtuu siit\u00e4, ett\u00e4 ajoneuvon valmistusvuodesta riippuen se on vapautettu verosta, mik\u00e4 tuo jonkin verran helpotusta monien brasilialaisten perhebudjettiin.<\/p>\n<\/div><div class=\"mx-5 sm:mx-0 prose leading-relaxed text-lg mb-5 text-left wp-paragraph\">\n<p>On syyt\u00e4 huomata, ett\u00e4 t\u00e4m\u00e4 poikkeus vaihtelee osavaltioittain, ja jokaisella osavaltiolla on itsen\u00e4inen oikeus m\u00e4\u00e4ritell\u00e4 omat s\u00e4\u00e4nt\u00f6ns\u00e4 t\u00e4m\u00e4n etuuden soveltamiseksi.<\/p>\n<\/div><div class=\"mx-5 sm:mx-0 prose leading-relaxed text-lg mb-5 text-left wp-paragraph\">\n<p>Valmistusvuoden lis\u00e4ksi tietyille kuljettajaryhmille on olemassa IPVA-vapautuksia ja -lupia (ajoneuvon omaisuusvero).<\/p>\n<\/div><!--advertisement--><div class=\"mx-5 sm:mx-0 sm:text-3xl text-2xl font-medium title-font mb-4 text-gray-900 text-left\">\n<h2 id=\"h-o-que-e-o-ipva\">Mik\u00e4 on IPVA?<\/h2>\n<\/div><div class=\"mx-5 sm:mx-0 prose leading-relaxed text-lg mb-5 text-left wp-paragraph\">\n<p>IPVA (Tax on Motor Vehicle Ownership) on vuonna 1986 perustettu vero, jota perit\u00e4\u00e4n kaikissa liittovaltion osavaltioissa sek\u00e4 liittovaltion piirikunnassa.<\/p>\n<\/div><div class=\"mx-5 sm:mx-0 prose leading-relaxed text-lg mb-5 text-left wp-paragraph\">\n<p>Se on brasilialainen vero, jota sovelletaan yksinomaan ajoneuvojen omistukseen, ei veneisiin tai lentokoneisiin.<\/p>\n<\/div><div class=\"mx-5 sm:mx-0 prose leading-relaxed text-lg mb-5 text-left wp-paragraph\">\n<p>Se on osavaltiovero, mik\u00e4 tarkoittaa, ett\u00e4 vain osavaltioilla ja liittovaltion piirill\u00e4 on valta perustaa se liittovaltion perustuslain 155 artiklan III momentin mukaan.<\/p>\n<\/div><div class=\"mx-5 sm:mx-0 prose leading-relaxed text-lg mb-5 text-left wp-paragraph\">\n<p>Kukin osavaltio m\u00e4\u00e4ritt\u00e4\u00e4 viiteverokannan omien kriteeriens\u00e4 perusteella. Veropohja on ajoneuvon markkina-arvo, jonka vahvistaa veron ker\u00e4\u00e4v\u00e4 osavaltio.<\/p>\n<\/div><div class=\"mx-5 sm:mx-0 prose leading-relaxed text-lg mb-5 text-left wp-paragraph\">\n<p>Vuonna 2017 korkeimmat verokannat olivat S\u00e3o Paulossa, Rio de Janeirossa ja Minas Geraisissa, joissa ajoneuvon markkina-arvo oli 4%, kun taas muissa osavaltioissa verokannat vaihtelivat 1%:n ja 3%:n v\u00e4lill\u00e4.<\/p>\n<\/div><div class=\"mx-5 sm:mx-0 prose leading-relaxed text-lg mb-5 text-left wp-paragraph\">\n<p>Ker\u00e4tyst\u00e4 verosta 20% kohdennetaan Fundebille (perusopetuksen yll\u00e4pito- ja kehitt\u00e4misrahasto).<\/p>\n<\/div><div class=\"mx-5 sm:mx-0 prose leading-relaxed text-lg mb-5 text-left wp-paragraph\">\n<p>J\u00e4ljelle j\u00e4\u00e4v\u00e4 summa jaetaan tasan kunnan ja ajoneuvon rekister\u00f6intivaltion kesken.<\/p>\n<\/div><div class=\"mx-5 sm:mx-0 prose leading-relaxed text-lg mb-5 text-left wp-paragraph\">\n<p>On syyt\u00e4 huomata, ett\u00e4 ajoneuvon omaisuusvero (IPVA) on pakollinen vero, ja sen maksamatta j\u00e4tt\u00e4minen voi johtaa ajoneuvon omistajalle useisiin taloudellisiin ja hallinnollisiin seuraamuksiin.<\/p>\n<\/div><!--advertisement--><div class=\"mx-5 sm:mx-0 sm:text-3xl text-2xl font-medium title-font mb-4 text-gray-900 text-left\">\n<h2 id=\"h-quem-ja-era-isento-de-ipva-em-2022\">Ketk\u00e4 olivat jo vapautettuja ajoneuvon omaisuusverosta (IPVA) vuonna 2022?<\/h2>\n<\/div><!--image--><div class=\"px-5 sm:px-0 sm:w-[800px] sm:ml-[50%] sm:-translate-x-2\/4 rounded-lg overflow-hidden mb-5 text-center\">\n<figure class=\"wp-block-image aligncenter size-full  w-full object-cover object-center border mx-auto wp-image-205\"><img width=\"600\" height=\"350\" loading=\"lazy\" src=\"http:\/\/143.244.166.245\/wp-content\/uploads\/2022\/08\/131.jpg\" alt=\"\" class=\"w-full object-cover object-center border mx-auto wp-image-2547\" srcset=\"https:\/\/informacaoevalor.com\/wp-content\/uploads\/2022\/08\/131.jpg 600w, https:\/\/informacaoevalor.com\/wp-content\/uploads\/2022\/08\/131-300x175.jpg 300w\" sizes=\"(max-width: 600px) 100vw, 600px\" \/><figcaption class=\"mt-5 text-xs text-center border-b pb-4\" >Vammaisilla henkil\u00f6ill\u00e4 on oikeus lain takaamaan ajoneuvoverovapautukseen (IPVA).<\/figcaption><\/figure>\n<\/div><!--image--><div class=\"mx-5 sm:mx-0 prose leading-relaxed text-lg mb-5 text-left wp-paragraph\">\n<p>Ennen kuin k\u00e4sittelemme kunkin osavaltion verovapautuksia, on muistettava, ett\u00e4 on jo olemassa kuljettaja- ja ajoneuvoprofiileja, jotka on vapautettu IPVA:n (ajoneuvon omaisuusvero) maksamisesta. N\u00e4m\u00e4 ovat:<\/p>\n<\/div><div class=\"mx-5 sm:mx-0 prose text-left mb-5\">\n<ul><li>Vammaiset tai kroonisesti sairaat ihmiset.<\/li><li>Taksinkuljettajat ja moottoripy\u00f6r\u00e4taksinkuljettajat;<\/li><li>Maatalouskoneiden, junien ja koulubussien kuljettajat.<\/li><\/ul>\n<\/div><div class=\"mx-5 sm:mx-0 prose leading-relaxed text-lg mb-5 text-left wp-paragraph\">\n<p>N\u00e4iden poikkeusten hakemukset ovat kunkin osavaltion kriteerien alaisia, ja ne on j\u00e4tett\u00e4v\u00e4 niiden omien verkkoportaalien kautta.<\/p>\n<\/div><div class=\"mx-5 sm:mx-0 prose leading-relaxed text-lg mb-5 text-left wp-paragraph\">\n<p>Muista ker\u00e4t\u00e4 kaikki poikkeusta tukevat asiakirjat, sill\u00e4 n\u00e4iden etuuksien my\u00f6nt\u00e4mismenettely on yleens\u00e4 eritt\u00e4in byrokraattinen.<\/p>\n<\/div><!--advertisement--><div class=\"mx-5 sm:mx-0 sm:text-3xl text-2xl font-medium title-font mb-4 text-gray-900 text-left\">\n<h2 id=\"h-como-fica-a-isencao-em-cada-estado\">Miten poikkeuslupa toimii kussakin osavaltiossa?<\/h2>\n<\/div><div class=\"mx-5 sm:mx-0 prose leading-relaxed text-lg mb-5 text-left wp-paragraph\">\n<p>Kun kaikki alustavat n\u00e4k\u00f6kohdat on otettu huomioon, tarkastellaan alla, millaisia IPVA-vapautukset (ajoneuvovero) tulevat olemaan kussakin osavaltiossa vuonna 2022:<\/p>\n<\/div><div class=\"mx-5 sm:mx-0 prose text-left mb-5\">\n<ul><li>10 vuotta valmistusta: Goi\u00e1s, Rio Grande do Norte ja Roraima;<\/li><li>15 vuotta valmistusta: Amap\u00e1, Amazonas, Bahia, Cear\u00e1, Distrito Federal, Esp\u00edrito Santo, Maranh\u00e3o, Par\u00e1, Para\u00edba, Piau\u00ed, Rio de Janeiro, Rond\u00f4nia, Sergipe ja Tocantins;<\/li><li>18 vuotta valmistusta: Mato Grosso;<\/li><li>20 vuotta valmistusta: Acre, S\u00e3o Paulo, Paran\u00e1, Mato Grosso do Sul ja Rio Grande do Sul;<\/li><li>21 vuotta valmistusta: Alagoas;<\/li><li>35 vuotta valmistusta: Santa Catarina.<\/li><\/ul>\n<\/div><div class=\"mx-5 sm:mx-0 prose leading-relaxed text-lg mb-5 text-left wp-paragraph\">\n<p>Mainitsemattomilla osavaltioilla on omat erityiset ja vaihtelevat s\u00e4\u00e4nt\u00f6ns\u00e4. N\u00e4iss\u00e4 tapauksissa paras vaihtoehto on ottaa yhteytt\u00e4 osavaltiosi DETRANiin (Department of Motor Vehicles).<\/p>\n<\/div><div class=\"mx-5 sm:mx-0 prose leading-relaxed text-lg mb-5 text-left wp-paragraph\">\n<p>Nyt kun tied\u00e4t kaiken vuoden 2022 IPVA-vapautuksesta, tarkista ajoneuvosi valmistusvuosi CRLV:st\u00e4 (ajoneuvon rekister\u00f6inti- ja lupakirja) n\u00e4hd\u00e4ksesi, oletko oikeutettu siihen!<\/p>\n<\/div>","protected":false},"excerpt":{"rendered":"<p>Korkeammista yll\u00e4pitokustannuksista huolimatta vanhemmilla autoilla on joitakin etuja. N\u00e4ihin kuuluu ajoneuvon omaisuusveron (IPVA) vapautus valmistusvuodesta riippuen. Katso alta. IPVA oli vuonna 2022 kalliimpi, mutta joillakin kuljettajilla ei ole t\u00e4t\u00e4 huolta. T\u00e4m\u00e4 johtuu siit\u00e4, ett\u00e4 ajoneuvon valmistusvuodesta riippuen se on\u2026 <a class=\"more-link\" href=\"https:\/\/informacaoevalor.com\/fi\/saiba-se-o-seu-carro-e-isento-de-ipva-em-2022\/\">Jatka lukemista <span class=\"screen-reader-text\">Ota selv\u00e4\u00e4, onko autosi vapautettu IPVA:sta (ajoneuvon omaisuusverosta) vuonna 2022.<\/span><\/a><\/p>","protected":false},"author":18,"featured_media":2547,"comment_status":"closed","ping_status":"open","sticky":false,"template":"","format":"standard","meta":[],"categories":[4],"tags":[],"yoast_head":"<!-- This site is optimized with the Yoast SEO Premium plugin v18.7 (Yoast SEO v19.1) - https:\/\/yoast.com\/wordpress\/plugins\/seo\/ -->\n<title>Saiba se o seu carro \u00e9 isento de IPVA em 2022 - Informa\u00e7\u00e3o &amp; Valor<\/title>\n<meta name=\"robots\" content=\"index, follow, max-snippet:-1, max-image-preview:large, max-video-preview:-1\" \/>\n<link rel=\"canonical\" href=\"https:\/\/informacaoevalor.com\/fi\/saiba-se-o-seu-carro-e-isento-de-ipva-em-2022\/\" \/>\n<meta property=\"og:locale\" content=\"fi_FI\" \/>\n<meta property=\"og:type\" content=\"article\" \/>\n<meta property=\"og:title\" content=\"Saiba se o seu carro \u00e9 isento de IPVA em 2022\" \/>\n<meta property=\"og:description\" content=\"Apesar de ter um custo maior de manuten\u00e7\u00e3o, carros mais antigos t\u00eam algumas vantagens. E dentre elas est\u00e1 a isen\u00e7\u00e3o de IPVA segundo o ano de fabrica\u00e7\u00e3o. Veja abaixo. O IPVA em 2022 ficou mais caro, mas alguns motoristas n\u00e3o v\u00e3o ter essa preocupa\u00e7\u00e3o. Isso porque, dependendo do ano de fabrica\u00e7\u00e3o do ve\u00edculo, ele ficar\u00e1&hellip; Continue reading Saiba se o seu carro \u00e9 isento de IPVA em 2022\" \/>\n<meta property=\"og:url\" content=\"https:\/\/informacaoevalor.com\/fi\/saiba-se-o-seu-carro-e-isento-de-ipva-em-2022\/\" \/>\n<meta property=\"og:site_name\" content=\"Informa\u00e7\u00e3o &amp; Valor\" \/>\n<meta property=\"article:published_time\" content=\"2022-01-05T12:54:47+00:00\" \/>\n<meta property=\"article:modified_time\" content=\"2022-08-31T21:59:08+00:00\" \/>\n<meta property=\"og:image\" content=\"https:\/\/informacaoevalor.com\/wp-content\/uploads\/2022\/08\/131.jpg\" \/>\n\t<meta property=\"og:image:width\" content=\"600\" \/>\n\t<meta property=\"og:image:height\" content=\"350\" \/>\n\t<meta property=\"og:image:type\" content=\"image\/jpeg\" \/>\n<meta name=\"twitter:card\" content=\"summary_large_image\" \/>\n<meta name=\"twitter:label1\" content=\"Written by\" \/>\n\t<meta name=\"twitter:data1\" content=\"estherdsales@gmail.com\" \/>\n\t<meta name=\"twitter:label2\" content=\"Est. reading time\" \/>\n\t<meta name=\"twitter:data2\" content=\"4 minuuttia\" \/>\n<script type=\"application\/ld+json\" class=\"yoast-schema-graph\">{\"@context\":\"https:\/\/schema.org\",\"@graph\":[{\"@type\":\"WebSite\",\"@id\":\"https:\/\/informacaoevalor.com\/#website\",\"url\":\"https:\/\/informacaoevalor.com\/\",\"name\":\"Informa\u00e7\u00e3o &amp; Valor\",\"description\":\"Conte\u00fado e Informa\u00e7\u00e3o que geram valor\",\"potentialAction\":[{\"@type\":\"SearchAction\",\"target\":{\"@type\":\"EntryPoint\",\"urlTemplate\":\"https:\/\/informacaoevalor.com\/?s={search_term_string}\"},\"query-input\":\"required name=search_term_string\"}],\"inLanguage\":\"fi\"},{\"@type\":\"ImageObject\",\"inLanguage\":\"fi\",\"@id\":\"https:\/\/informacaoevalor.com\/saiba-se-o-seu-carro-e-isento-de-ipva-em-2022\/#primaryimage\",\"url\":\"https:\/\/informacaoevalor.com\/wp-content\/uploads\/2022\/08\/131.jpg\",\"contentUrl\":\"https:\/\/informacaoevalor.com\/wp-content\/uploads\/2022\/08\/131.jpg\",\"width\":600,\"height\":350},{\"@type\":\"WebPage\",\"@id\":\"https:\/\/informacaoevalor.com\/saiba-se-o-seu-carro-e-isento-de-ipva-em-2022\/#webpage\",\"url\":\"https:\/\/informacaoevalor.com\/saiba-se-o-seu-carro-e-isento-de-ipva-em-2022\/\",\"name\":\"Saiba se o seu carro \u00e9 isento de IPVA em 2022 - Informa\u00e7\u00e3o &amp; Valor\",\"isPartOf\":{\"@id\":\"https:\/\/informacaoevalor.com\/#website\"},\"primaryImageOfPage\":{\"@id\":\"https:\/\/informacaoevalor.com\/saiba-se-o-seu-carro-e-isento-de-ipva-em-2022\/#primaryimage\"},\"datePublished\":\"2022-01-05T12:54:47+00:00\",\"dateModified\":\"2022-08-31T21:59:08+00:00\",\"author\":{\"@id\":\"https:\/\/informacaoevalor.com\/#\/schema\/person\/e6bebf2e214b11bd4567abc10c75395d\"},\"breadcrumb\":{\"@id\":\"https:\/\/informacaoevalor.com\/saiba-se-o-seu-carro-e-isento-de-ipva-em-2022\/#breadcrumb\"},\"inLanguage\":\"fi\",\"potentialAction\":[{\"@type\":\"ReadAction\",\"target\":[\"https:\/\/informacaoevalor.com\/saiba-se-o-seu-carro-e-isento-de-ipva-em-2022\/\"]}]},{\"@type\":\"BreadcrumbList\",\"@id\":\"https:\/\/informacaoevalor.com\/saiba-se-o-seu-carro-e-isento-de-ipva-em-2022\/#breadcrumb\",\"itemListElement\":[{\"@type\":\"ListItem\",\"position\":1,\"name\":\"Home\",\"item\":\"https:\/\/informacaoevalor.com\/\"},{\"@type\":\"ListItem\",\"position\":2,\"name\":\"Saiba se o seu carro \u00e9 isento de IPVA em 2022\"}]},{\"@type\":\"Person\",\"@id\":\"https:\/\/informacaoevalor.com\/#\/schema\/person\/e6bebf2e214b11bd4567abc10c75395d\",\"name\":\"estherdsales@gmail.com\",\"image\":{\"@type\":\"ImageObject\",\"inLanguage\":\"fi\",\"@id\":\"https:\/\/informacaoevalor.com\/#\/schema\/person\/image\/\",\"url\":\"https:\/\/secure.gravatar.com\/avatar\/18c935df8242b359fcafbc5cf4928397?s=96&d=mm&r=g\",\"contentUrl\":\"https:\/\/secure.gravatar.com\/avatar\/18c935df8242b359fcafbc5cf4928397?s=96&d=mm&r=g\",\"caption\":\"estherdsales@gmail.com\"},\"url\":\"https:\/\/informacaoevalor.com\/fi\/author\/estherdsalesgmail-com\/\"}]}<\/script>\n<!-- \/ Yoast SEO Premium plugin. -->","yoast_head_json":{"title":"Saiba se o seu carro \u00e9 isento de IPVA em 2022 - Informa\u00e7\u00e3o &amp; Valor","robots":{"index":"index","follow":"follow","max-snippet":"max-snippet:-1","max-image-preview":"max-image-preview:large","max-video-preview":"max-video-preview:-1"},"canonical":"https:\/\/informacaoevalor.com\/fi\/saiba-se-o-seu-carro-e-isento-de-ipva-em-2022\/","og_locale":"fi_FI","og_type":"article","og_title":"Saiba se o seu carro \u00e9 isento de IPVA em 2022","og_description":"Apesar de ter um custo maior de manuten\u00e7\u00e3o, carros mais antigos t\u00eam algumas vantagens. E dentre elas est\u00e1 a isen\u00e7\u00e3o de IPVA segundo o ano de fabrica\u00e7\u00e3o. Veja abaixo. O IPVA em 2022 ficou mais caro, mas alguns motoristas n\u00e3o v\u00e3o ter essa preocupa\u00e7\u00e3o. Isso porque, dependendo do ano de fabrica\u00e7\u00e3o do ve\u00edculo, ele ficar\u00e1&hellip; Continue reading Saiba se o seu carro \u00e9 isento de IPVA em 2022","og_url":"https:\/\/informacaoevalor.com\/fi\/saiba-se-o-seu-carro-e-isento-de-ipva-em-2022\/","og_site_name":"Informa\u00e7\u00e3o &amp; Valor","article_published_time":"2022-01-05T12:54:47+00:00","article_modified_time":"2022-08-31T21:59:08+00:00","og_image":[{"width":600,"height":350,"url":"https:\/\/informacaoevalor.com\/wp-content\/uploads\/2022\/08\/131.jpg","type":"image\/jpeg"}],"twitter_card":"summary_large_image","twitter_misc":{"Written by":"estherdsales@gmail.com","Est. reading time":"4 minuuttia"},"schema":{"@context":"https:\/\/schema.org","@graph":[{"@type":"WebSite","@id":"https:\/\/informacaoevalor.com\/#website","url":"https:\/\/informacaoevalor.com\/","name":"Informa\u00e7\u00e3o &amp; Valor","description":"Conte\u00fado e Informa\u00e7\u00e3o que geram valor","potentialAction":[{"@type":"SearchAction","target":{"@type":"EntryPoint","urlTemplate":"https:\/\/informacaoevalor.com\/?s={search_term_string}"},"query-input":"required name=search_term_string"}],"inLanguage":"fi"},{"@type":"ImageObject","inLanguage":"fi","@id":"https:\/\/informacaoevalor.com\/saiba-se-o-seu-carro-e-isento-de-ipva-em-2022\/#primaryimage","url":"https:\/\/informacaoevalor.com\/wp-content\/uploads\/2022\/08\/131.jpg","contentUrl":"https:\/\/informacaoevalor.com\/wp-content\/uploads\/2022\/08\/131.jpg","width":600,"height":350},{"@type":"WebPage","@id":"https:\/\/informacaoevalor.com\/saiba-se-o-seu-carro-e-isento-de-ipva-em-2022\/#webpage","url":"https:\/\/informacaoevalor.com\/saiba-se-o-seu-carro-e-isento-de-ipva-em-2022\/","name":"Saiba se o seu carro \u00e9 isento de IPVA em 2022 - Informa\u00e7\u00e3o &amp; Valor","isPartOf":{"@id":"https:\/\/informacaoevalor.com\/#website"},"primaryImageOfPage":{"@id":"https:\/\/informacaoevalor.com\/saiba-se-o-seu-carro-e-isento-de-ipva-em-2022\/#primaryimage"},"datePublished":"2022-01-05T12:54:47+00:00","dateModified":"2022-08-31T21:59:08+00:00","author":{"@id":"https:\/\/informacaoevalor.com\/#\/schema\/person\/e6bebf2e214b11bd4567abc10c75395d"},"breadcrumb":{"@id":"https:\/\/informacaoevalor.com\/saiba-se-o-seu-carro-e-isento-de-ipva-em-2022\/#breadcrumb"},"inLanguage":"fi","potentialAction":[{"@type":"ReadAction","target":["https:\/\/informacaoevalor.com\/saiba-se-o-seu-carro-e-isento-de-ipva-em-2022\/"]}]},{"@type":"BreadcrumbList","@id":"https:\/\/informacaoevalor.com\/saiba-se-o-seu-carro-e-isento-de-ipva-em-2022\/#breadcrumb","itemListElement":[{"@type":"ListItem","position":1,"name":"Home","item":"https:\/\/informacaoevalor.com\/"},{"@type":"ListItem","position":2,"name":"Saiba se o seu carro \u00e9 isento de IPVA em 2022"}]},{"@type":"Person","@id":"https:\/\/informacaoevalor.com\/#\/schema\/person\/e6bebf2e214b11bd4567abc10c75395d","name":"estherdsales@gmail.com","image":{"@type":"ImageObject","inLanguage":"fi","@id":"https:\/\/informacaoevalor.com\/#\/schema\/person\/image\/","url":"https:\/\/secure.gravatar.com\/avatar\/18c935df8242b359fcafbc5cf4928397?s=96&d=mm&r=g","contentUrl":"https:\/\/secure.gravatar.com\/avatar\/18c935df8242b359fcafbc5cf4928397?s=96&d=mm&r=g","caption":"estherdsales@gmail.com"},"url":"https:\/\/informacaoevalor.com\/fi\/author\/estherdsalesgmail-com\/"}]}},"_links":{"self":[{"href":"https:\/\/informacaoevalor.com\/fi\/wp-json\/wp\/v2\/posts\/200"}],"collection":[{"href":"https:\/\/informacaoevalor.com\/fi\/wp-json\/wp\/v2\/posts"}],"about":[{"href":"https:\/\/informacaoevalor.com\/fi\/wp-json\/wp\/v2\/types\/post"}],"author":[{"embeddable":true,"href":"https:\/\/informacaoevalor.com\/fi\/wp-json\/wp\/v2\/users\/18"}],"replies":[{"embeddable":true,"href":"https:\/\/informacaoevalor.com\/fi\/wp-json\/wp\/v2\/comments?post=200"}],"version-history":[{"count":0,"href":"https:\/\/informacaoevalor.com\/fi\/wp-json\/wp\/v2\/posts\/200\/revisions"}],"wp:featuredmedia":[{"embeddable":true,"href":"https:\/\/informacaoevalor.com\/fi\/wp-json\/wp\/v2\/media\/2547"}],"wp:attachment":[{"href":"https:\/\/informacaoevalor.com\/fi\/wp-json\/wp\/v2\/media?parent=200"}],"wp:term":[{"taxonomy":"category","embeddable":true,"href":"https:\/\/informacaoevalor.com\/fi\/wp-json\/wp\/v2\/categories?post=200"},{"taxonomy":"post_tag","embeddable":true,"href":"https:\/\/informacaoevalor.com\/fi\/wp-json\/wp\/v2\/tags?post=200"}],"curies":[{"name":"wp","href":"https:\/\/api.w.org\/{rel}","templated":true}]}}