{"id":6621,"date":"2023-01-31T18:21:53","date_gmt":"2023-01-31T18:21:53","guid":{"rendered":"https:\/\/informacaoevalor.com\/?p=6621"},"modified":"2024-09-02T19:43:00","modified_gmt":"2024-09-02T19:43:00","slug":"como-funciona-o-auxilio-creche","status":"publish","type":"post","link":"https:\/\/informacaoevalor.com\/en\/como-funciona-o-auxilio-creche\/","title":{"rendered":"Day Care Assistance \u2013 Find out if you are entitled and how to apply for the benefit"},"content":{"rendered":"<!--advertisement--><div class=\"mx-5 sm:mx-0 sm:text-3xl text-2xl font-medium title-font mb-4 text-gray-900 text-left\">\n<h2>Earn money to take care of your child<\/h2>\n<\/div><!--image--><div class=\"px-5 sm:px-0 sm:w-[800px] sm:ml-[50%] sm:-translate-x-2\/4 rounded-lg overflow-hidden mb-5 text-center\">\n<figure class=\"wp-block-image size-large\"><img width=\"1024\" height=\"683\" loading=\"lazy\" src=\"https:\/\/informacaoevalor.com\/wp-content\/uploads\/2023\/01\/AdobeStock_105598988-1024x683.jpeg\" alt=\"M\u00e3e feliz por saber como funciona o auxilio creche (fonte: Adobe Stock)\" class=\"w-full object-cover object-center border mx-auto wp-image-6632\" srcset=\"https:\/\/informacaoevalor.com\/wp-content\/uploads\/2023\/01\/AdobeStock_105598988-1024x683.jpeg 1024w, https:\/\/informacaoevalor.com\/wp-content\/uploads\/2023\/01\/AdobeStock_105598988-300x200.jpeg 300w, https:\/\/informacaoevalor.com\/wp-content\/uploads\/2023\/01\/AdobeStock_105598988-768x512.jpeg 768w, https:\/\/informacaoevalor.com\/wp-content\/uploads\/2023\/01\/AdobeStock_105598988-1536x1024.jpeg 1536w, https:\/\/informacaoevalor.com\/wp-content\/uploads\/2023\/01\/AdobeStock_105598988-2048x1365.jpeg 2048w\" sizes=\"(max-width: 1024px) 100vw, 1024px\" \/><figcaption class=\"mt-5 text-xs text-center border-b pb-4\" >Mother happy to know how Day Care Assistance works (Source: Adobe Stock)<\/figcaption><\/figure>\n<\/div><!--image--><div class=\"mx-5 sm:mx-0 prose leading-relaxed text-lg mb-5 text-left wp-paragraph\">\n<p>Anyone who is a mother, needs to work and has nowhere to leave her child, knows how difficult it is to fight to survive. That&#039;s why you need to know how Help Daycare works.<\/p>\n<\/div><div class=\"mx-5 sm:mx-0 prose leading-relaxed text-lg mb-5 text-left wp-paragraph\">\n<p>The benefit is a right provided for in the Consolidation of Labor Laws (CLT) and therefore all women who are entitled must apply. Come and see how Day Care Assistance works!<\/p>\n<\/div><!--advertisement--><div class=\"mx-5 sm:mx-0 sm:text-3xl text-2xl font-medium title-font mb-4 text-gray-900 text-left\">\n<h2>Day Care Assistance: what is this benefit?<\/h2>\n<\/div><!--image--><div class=\"px-5 sm:px-0 sm:w-[800px] sm:ml-[50%] sm:-translate-x-2\/4 rounded-lg overflow-hidden mb-5 text-center\">\n<figure class=\"wp-block-image size-large\"><img width=\"1024\" height=\"683\" loading=\"lazy\" src=\"https:\/\/informacaoevalor.com\/wp-content\/uploads\/2023\/01\/AdobeStock_271366477-1024x683.jpeg\" alt=\"Aprenda como funciona o auxilio creche (fonte: Adobe Stock)\" class=\"w-full object-cover object-center border mx-auto wp-image-6634\" srcset=\"https:\/\/informacaoevalor.com\/wp-content\/uploads\/2023\/01\/AdobeStock_271366477-1024x683.jpeg 1024w, https:\/\/informacaoevalor.com\/wp-content\/uploads\/2023\/01\/AdobeStock_271366477-300x200.jpeg 300w, https:\/\/informacaoevalor.com\/wp-content\/uploads\/2023\/01\/AdobeStock_271366477-768x512.jpeg 768w, https:\/\/informacaoevalor.com\/wp-content\/uploads\/2023\/01\/AdobeStock_271366477-1536x1024.jpeg 1536w, https:\/\/informacaoevalor.com\/wp-content\/uploads\/2023\/01\/AdobeStock_271366477-2048x1365.jpeg 2048w\" sizes=\"(max-width: 1024px) 100vw, 1024px\" \/><figcaption class=\"mt-5 text-xs text-center border-b pb-4\" >Learn how Day Care Assistance works (Source: Adobe Stock)<\/figcaption><\/figure>\n<\/div><!--image--><div class=\"mx-5 sm:mx-0 prose leading-relaxed text-lg mb-5 text-left wp-paragraph\">\n<p>According to population surveys, Brazil has approximately 67 million mothers. Of this amount, around 31% are single and more than 45% work to support their children and home.&nbsp;<\/p>\n<\/div><div class=\"mx-5 sm:mx-0 prose leading-relaxed text-lg mb-5 text-left wp-paragraph\">\n<p>Therefore, Day Care Assistance is a benefit that companies grant to mothers who need to work at the company, but do not have a place to leave their children.&nbsp;<\/p>\n<\/div><div class=\"mx-5 sm:mx-0 prose leading-relaxed text-lg mb-5 text-left wp-paragraph\">\n<p>In this case, the company can either count on a place to take care of the children, or it can pay the expenses of an institution to carry out this care, the day care centers.<\/p>\n<\/div><div class=\"mx-5 sm:mx-0 prose leading-relaxed text-lg mb-5 text-left wp-paragraph\">\n<p>According to article 389 of the Consolidation of Labor Laws, all mothers are entitled to have a place to leave their children while they are working.<\/p>\n<\/div><div class=\"mx-5 sm:mx-0 prose leading-relaxed text-lg mb-5 text-left wp-paragraph\">\n<p>This rule is valid for all women who have children younger than 6 months and the company is responsible for paying all costs to guarantee this right.<\/p>\n<\/div><div class=\"mx-5 sm:mx-0 prose leading-relaxed text-lg mb-5 text-left wp-paragraph\">\n<p>According to the CLT, paying this benefit is a duty of all companies that have more than 30 women over the age of 16 in their workforce. <\/p>\n<\/div><div class=\"mx-5 sm:mx-0 prose leading-relaxed text-lg mb-5 text-left wp-paragraph\">\n<p>However, smaller private institutions can also offer the benefit to their female employees.<\/p>\n<\/div><div class=\"mx-5 sm:mx-0 prose leading-relaxed text-lg mb-5 text-left wp-paragraph\">\n<p>In short, it&#039;s a great benefit, but to receive it, you need to understand some rules and how Day Care Assistance works. Learn all about this benefit!<\/p>\n<\/div><!--advertisement--><div class=\"mx-5 sm:mx-0 sm:text-3xl text-2xl font-medium title-font mb-4 text-gray-900 text-left\">\n<h2>How does Daycare Assistance work?<\/h2>\n<\/div><!--image--><div class=\"px-5 sm:px-0 sm:w-[800px] sm:ml-[50%] sm:-translate-x-2\/4 rounded-lg overflow-hidden mb-5 text-center\">\n<figure class=\"wp-block-image size-large\"><img width=\"1024\" height=\"684\" loading=\"lazy\" src=\"https:\/\/informacaoevalor.com\/wp-content\/uploads\/2023\/01\/AdobeStock_131681919-1024x684.jpeg\" alt=\"Crian\u00e7as como funciona o auxilio creche (fonte: Adobe Stock)\" class=\"w-full object-cover object-center border mx-auto wp-image-6628\" srcset=\"https:\/\/informacaoevalor.com\/wp-content\/uploads\/2023\/01\/AdobeStock_131681919-1024x684.jpeg 1024w, https:\/\/informacaoevalor.com\/wp-content\/uploads\/2023\/01\/AdobeStock_131681919-300x200.jpeg 300w, https:\/\/informacaoevalor.com\/wp-content\/uploads\/2023\/01\/AdobeStock_131681919-768x513.jpeg 768w, https:\/\/informacaoevalor.com\/wp-content\/uploads\/2023\/01\/AdobeStock_131681919-1536x1025.jpeg 1536w, https:\/\/informacaoevalor.com\/wp-content\/uploads\/2023\/01\/AdobeStock_131681919-2048x1367.jpeg 2048w\" sizes=\"(max-width: 1024px) 100vw, 1024px\" \/><figcaption class=\"mt-5 text-xs text-center border-b pb-4\" >Children how Day Care Assistance works (Source: Adobe Stock)<\/figcaption><\/figure>\n<\/div><!--image--><div class=\"mx-5 sm:mx-0 prose leading-relaxed text-lg mb-5 text-left wp-paragraph\">\n<p>First, it is important to point out that the payment of Day Care Assistance or the provision of a place to leave the children is the responsibility of all private companies.&nbsp;<\/p>\n<\/div><div class=\"mx-5 sm:mx-0 prose leading-relaxed text-lg mb-5 text-left wp-paragraph\">\n<p>However, payment becomes an obligation only for private institutions that have more than 30 women over 16 years of age in their workforce.<\/p>\n<\/div><div class=\"mx-5 sm:mx-0 prose leading-relaxed text-lg mb-5 text-left wp-paragraph\">\n<p>When in this situation, the employee starts to enjoy her right to maternity and also the guarantee of assistance from the school for the children.<\/p>\n<\/div><div class=\"mx-5 sm:mx-0 prose leading-relaxed text-lg mb-5 text-left wp-paragraph\">\n<p>In cases where companies do not have their own place to care for children, institutions need to pay for daycare centers.<\/p>\n<\/div><div class=\"mx-5 sm:mx-0 prose leading-relaxed text-lg mb-5 text-left wp-paragraph\">\n<p>In addition, it is important to remember that this payment should not be deducted from the baby&#039;s mother&#039;s salary. This is because Day Care Assistance is not a health plan or any type of voucher, but a benefit to guarantee the employee&#039;s rights.<\/p>\n<\/div><!--advertisement--><div class=\"mx-5 sm:mx-0 sm:text-3xl text-2xl font-medium title-font mb-4 text-gray-900 text-left\">\n<h2>How Day Care Assistance works: who is entitled?<\/h2>\n<\/div><!--image--><div class=\"px-5 sm:px-0 sm:w-[800px] sm:ml-[50%] sm:-translate-x-2\/4 rounded-lg overflow-hidden mb-5 text-center\">\n<figure class=\"wp-block-image size-large\"><img width=\"1024\" height=\"683\" loading=\"lazy\" src=\"https:\/\/informacaoevalor.com\/wp-content\/uploads\/2023\/01\/AdobeStock_88849894-1024x683.jpeg\" alt=\"Entenda agora como funciona o auxilio creche (fonte: Adobe Stock)\" class=\"w-full object-cover object-center border mx-auto wp-image-6626\" srcset=\"https:\/\/informacaoevalor.com\/wp-content\/uploads\/2023\/01\/AdobeStock_88849894-1024x683.jpeg 1024w, https:\/\/informacaoevalor.com\/wp-content\/uploads\/2023\/01\/AdobeStock_88849894-300x200.jpeg 300w, https:\/\/informacaoevalor.com\/wp-content\/uploads\/2023\/01\/AdobeStock_88849894-768x512.jpeg 768w, https:\/\/informacaoevalor.com\/wp-content\/uploads\/2023\/01\/AdobeStock_88849894-1536x1024.jpeg 1536w, https:\/\/informacaoevalor.com\/wp-content\/uploads\/2023\/01\/AdobeStock_88849894-2048x1365.jpeg 2048w\" sizes=\"(max-width: 1024px) 100vw, 1024px\" \/><figcaption class=\"mt-5 text-xs text-center border-b pb-4\" >Understand now how Day Care Assistance works (Source: Adobe Stock)<\/figcaption><\/figure>\n<\/div><!--image--><div class=\"mx-5 sm:mx-0 prose leading-relaxed text-lg mb-5 text-left wp-paragraph\">\n<p>According to CLT rules, Day Care Assistance is a right of all women who have children under 6 months old and work in companies with more than 30 women over 16 years old.<\/p>\n<\/div><div class=\"mx-5 sm:mx-0 prose leading-relaxed text-lg mb-5 text-left wp-paragraph\">\n<p>In this scenario, mothers have the full right to have a place to leave their children, which can be at the company itself, or else they must receive an amount to pay for daycare.<\/p>\n<\/div><div class=\"mx-5 sm:mx-0 prose leading-relaxed text-lg mb-5 text-left wp-paragraph\">\n<p>Furthermore, some companies even increase the scope of this aid, also paying for men. In this case, even without having children, men can be responsible for nephews, grandchildren, godchildren or children with other degrees of kinship.<\/p>\n<\/div><!--advertisement--><div class=\"mx-5 sm:mx-0 sm:text-3xl text-2xl font-medium title-font mb-4 text-gray-900 text-left\">\n<h2 id=\"h-quanto-paga-o-auxilio-creche\">How much does Childcare Allowance pay?<\/h2>\n<\/div><!--image--><div class=\"px-5 sm:px-0 sm:w-[800px] sm:ml-[50%] sm:-translate-x-2\/4 rounded-lg overflow-hidden mb-5 text-center\">\n<figure class=\"wp-block-image size-large\"><img width=\"1024\" height=\"683\" loading=\"lazy\" src=\"https:\/\/informacaoevalor.com\/wp-content\/uploads\/2023\/01\/AdobeStock_361364047-1024x683.jpeg\" alt=\"Crian\u00e7as aproveitando como funciona o auxilio creche (fonte: Adobe Stock)\" class=\"w-full object-cover object-center border mx-auto wp-image-6625\" srcset=\"https:\/\/informacaoevalor.com\/wp-content\/uploads\/2023\/01\/AdobeStock_361364047-1024x683.jpeg 1024w, https:\/\/informacaoevalor.com\/wp-content\/uploads\/2023\/01\/AdobeStock_361364047-300x200.jpeg 300w, https:\/\/informacaoevalor.com\/wp-content\/uploads\/2023\/01\/AdobeStock_361364047-768x512.jpeg 768w, https:\/\/informacaoevalor.com\/wp-content\/uploads\/2023\/01\/AdobeStock_361364047-1536x1024.jpeg 1536w, https:\/\/informacaoevalor.com\/wp-content\/uploads\/2023\/01\/AdobeStock_361364047-2048x1365.jpeg 2048w\" sizes=\"(max-width: 1024px) 100vw, 1024px\" \/><figcaption class=\"mt-5 text-xs text-center border-b pb-4\" >Children enjoying how Day Care Assistance works (Source: Adobe Stock)<\/figcaption><\/figure>\n<\/div><!--image--><div class=\"mx-5 sm:mx-0 prose leading-relaxed text-lg mb-5 text-left wp-paragraph\">\n<p>Even if the law establishes the mandatory payment of Day Care Assistance, there is no fixed amount for companies to pay. In this way, the payment amount is really a negotiation between the company and the employee, or union.<\/p>\n<\/div><div class=\"mx-5 sm:mx-0 prose leading-relaxed text-lg mb-5 text-left wp-paragraph\">\n<p>Based on this, when the company does not have a dedicated space for such care or a partnership with day care centers, parents must choose an institution with a compatible price.<\/p>\n<\/div><div class=\"mx-5 sm:mx-0 prose leading-relaxed text-lg mb-5 text-left wp-paragraph\">\n<p>It is worth noting that if the day care center charges a higher amount than the payment agreed by the company, parents can pay the extra amount. At the same time, the company is under no obligation to pay the excess amount.<\/p>\n<\/div><!--advertisement--><div class=\"mx-5 sm:mx-0 sm:text-3xl text-2xl font-medium title-font mb-4 text-gray-900 text-left\">\n<h2 id=\"h-os-pais-tem-direito-a-receber-o-auxilio-creche\">Are parents entitled to receive Childcare Allowance?<\/h2>\n<\/div><!--image--><div class=\"px-5 sm:px-0 sm:w-[800px] sm:ml-[50%] sm:-translate-x-2\/4 rounded-lg overflow-hidden mb-5 text-center\">\n<figure class=\"wp-block-image size-large\"><img width=\"1024\" height=\"683\" loading=\"lazy\" src=\"https:\/\/informacaoevalor.com\/wp-content\/uploads\/2023\/01\/AdobeStock_442336399-1024x683.jpeg\" alt=\"Novas oportunidade ap\u00f3s ver como funciona o auxilio creche (fonte: Adobe Stock)\" class=\"w-full object-cover object-center border mx-auto wp-image-6624\" srcset=\"https:\/\/informacaoevalor.com\/wp-content\/uploads\/2023\/01\/AdobeStock_442336399-1024x683.jpeg 1024w, https:\/\/informacaoevalor.com\/wp-content\/uploads\/2023\/01\/AdobeStock_442336399-300x200.jpeg 300w, https:\/\/informacaoevalor.com\/wp-content\/uploads\/2023\/01\/AdobeStock_442336399-768x513.jpeg 768w, https:\/\/informacaoevalor.com\/wp-content\/uploads\/2023\/01\/AdobeStock_442336399-1536x1025.jpeg 1536w, https:\/\/informacaoevalor.com\/wp-content\/uploads\/2023\/01\/AdobeStock_442336399-2048x1367.jpeg 2048w\" sizes=\"(max-width: 1024px) 100vw, 1024px\" \/><figcaption class=\"mt-5 text-xs text-center border-b pb-4\" >New opportunities after seeing how Day Care Assistance works (Source: Adobe Stock)<\/figcaption><\/figure>\n<\/div><!--image--><div class=\"mx-5 sm:mx-0 prose leading-relaxed text-lg mb-5 text-left wp-paragraph\">\n<p>As we mentioned earlier, payment of Day Care Assistance is a right of mothers, that is, women who work in private companies.<\/p>\n<\/div><div class=\"mx-5 sm:mx-0 prose leading-relaxed text-lg mb-5 text-left wp-paragraph\">\n<p>In this sense, the Law does not provide that companies are obliged to pay the amount to the parents. However, there are some companies that offer this benefit.<\/p>\n<\/div><div class=\"mx-5 sm:mx-0 prose leading-relaxed text-lg mb-5 text-left wp-paragraph\">\n<p>Therefore, if you are the parent or guardian of a child of any other degree of kinship, it is necessary to check whether or not the company will pay the aid.<\/p>\n<\/div><div class=\"mx-5 sm:mx-0 prose leading-relaxed text-lg mb-5 text-left wp-paragraph\">\n<p>In addition, it is also possible to negotiate with the company about this payment and, as in the previous case, pay the amount that exceeds the Daycare Allowance payment.<\/p>\n<\/div><!--advertisement--><div class=\"mx-5 sm:mx-0 sm:text-3xl text-2xl font-medium title-font mb-4 text-gray-900 text-left\">\n<h2 id=\"h-quanto-tempo-duram-os-pagamentos-do-auxilio\">How long do aid payments last?<\/h2>\n<\/div><!--image--><div class=\"px-5 sm:px-0 sm:w-[800px] sm:ml-[50%] sm:-translate-x-2\/4 rounded-lg overflow-hidden mb-5 text-center\">\n<figure class=\"wp-block-image size-large\"><img width=\"1024\" height=\"683\" loading=\"lazy\" src=\"https:\/\/informacaoevalor.com\/wp-content\/uploads\/2023\/01\/AdobeStock_415403998-1024x683.jpeg\" alt=\"Aproveite para ver como funciona o auxilio creche (fonte: Adobe Stock)\" class=\"w-full object-cover object-center border mx-auto wp-image-6623\" srcset=\"https:\/\/informacaoevalor.com\/wp-content\/uploads\/2023\/01\/AdobeStock_415403998-1024x683.jpeg 1024w, https:\/\/informacaoevalor.com\/wp-content\/uploads\/2023\/01\/AdobeStock_415403998-300x200.jpeg 300w, https:\/\/informacaoevalor.com\/wp-content\/uploads\/2023\/01\/AdobeStock_415403998-768x512.jpeg 768w, https:\/\/informacaoevalor.com\/wp-content\/uploads\/2023\/01\/AdobeStock_415403998-1536x1024.jpeg 1536w, https:\/\/informacaoevalor.com\/wp-content\/uploads\/2023\/01\/AdobeStock_415403998-2048x1365.jpeg 2048w\" sizes=\"(max-width: 1024px) 100vw, 1024px\" \/><figcaption class=\"mt-5 text-xs text-center border-b pb-4\" >Take the opportunity to see how Day Care Assistance works (Source: Adobe Stock)<\/figcaption><\/figure>\n<\/div><!--image--><div class=\"mx-5 sm:mx-0 prose leading-relaxed text-lg mb-5 text-left wp-paragraph\">\n<p>Day Care Assistance is a benefit that can be charged to your account from the moment the child is born up to 6 months old. This is what the law states as the company&#039;s obligation.<\/p>\n<\/div><div class=\"mx-5 sm:mx-0 prose leading-relaxed text-lg mb-5 text-left wp-paragraph\">\n<p>However, in special cases the company can extend the day care deposits a lot, banking this money until the child is 6 years old.&nbsp;<\/p>\n<\/div><div class=\"mx-5 sm:mx-0 prose leading-relaxed text-lg mb-5 text-left wp-paragraph\">\n<p>In any case, this is not a certainty, but it depends on each private institution and also on the negotiation relationship between the mother and the company in general.<\/p>\n<\/div><!--advertisement--><div class=\"mx-5 sm:mx-0 sm:text-3xl text-2xl font-medium title-font mb-4 text-gray-900 text-left\">\n<h2 id=\"h-como-solicitar-o-auxilio-creche\">How to apply for Child Care Assistance<\/h2>\n<\/div><!--image--><div class=\"px-5 sm:px-0 sm:w-[800px] sm:ml-[50%] sm:-translate-x-2\/4 rounded-lg overflow-hidden mb-5 text-center\">\n<figure class=\"wp-block-image size-large\"><img width=\"1024\" height=\"731\" loading=\"lazy\" src=\"https:\/\/informacaoevalor.com\/wp-content\/uploads\/2023\/01\/AdobeStock_304341450-1024x731.jpeg\" alt=\"Crian\u00e7a se divertindo como funciona o auxilio creche (fonte: Adobe Stock)\" class=\"w-full object-cover object-center border mx-auto wp-image-6622\" srcset=\"https:\/\/informacaoevalor.com\/wp-content\/uploads\/2023\/01\/AdobeStock_304341450-1024x731.jpeg 1024w, https:\/\/informacaoevalor.com\/wp-content\/uploads\/2023\/01\/AdobeStock_304341450-300x214.jpeg 300w, https:\/\/informacaoevalor.com\/wp-content\/uploads\/2023\/01\/AdobeStock_304341450-768x549.jpeg 768w, https:\/\/informacaoevalor.com\/wp-content\/uploads\/2023\/01\/AdobeStock_304341450-1536x1097.jpeg 1536w, https:\/\/informacaoevalor.com\/wp-content\/uploads\/2023\/01\/AdobeStock_304341450-2048x1463.jpeg 2048w\" sizes=\"(max-width: 1024px) 100vw, 1024px\" \/><figcaption class=\"mt-5 text-xs text-center border-b pb-4\" >Child having fun how Day Care Assistance works (Source: Adobe Stock)<\/figcaption><\/figure>\n<\/div><!--image--><div class=\"mx-5 sm:mx-0 prose leading-relaxed text-lg mb-5 text-left wp-paragraph\">\n<p>Applying for Day Care Assistance is very simple and employees, whether men or women, should speak directly to the company&#039;s human resources department.<\/p>\n<\/div><div class=\"mx-5 sm:mx-0 prose leading-relaxed text-lg mb-5 text-left wp-paragraph\">\n<p>Then, it is common to fill out an application form with some data to confirm the request for assistance.<\/p>\n<\/div><div class=\"mx-5 sm:mx-0 prose leading-relaxed text-lg mb-5 text-left wp-paragraph\">\n<p>Thus, the mother must fill out the application with all the necessary information and also present some documents that the company usually requests.<\/p>\n<\/div><div class=\"mx-5 sm:mx-0 prose leading-relaxed text-lg mb-5 text-left wp-paragraph\">\n<p>It is common for this form to ask for the following information: mother&#039;s name, child&#039;s birth certificate, time the child will stay at the daycare, monthly fee, CNPJ, address and telephone number of the contracted company.&nbsp;<\/p>\n<\/div><!--advertisement--><div class=\"mx-5 sm:mx-0 sm:text-3xl text-2xl font-medium title-font mb-4 text-gray-900 text-left\">\n<h2 id=\"h-precisa-estar-no-cadunico-para-receber-auxilio-creche\">Do you need to be on Cad\u00danico to receive Day Care Assistance?<\/h2>\n<\/div><!--image--><div class=\"px-5 sm:px-0 sm:w-[800px] sm:ml-[50%] sm:-translate-x-2\/4 rounded-lg overflow-hidden mb-5 text-center\">\n<figure class=\"wp-block-image size-large\"><img width=\"1024\" height=\"685\" loading=\"lazy\" src=\"https:\/\/informacaoevalor.com\/wp-content\/uploads\/2023\/01\/AdobeStock_31265432-1-1024x685.jpeg\" alt=\"Empresas entendem como funciona o auxilio creche (fonte: Adobe Stock)\" class=\"w-full object-cover object-center border mx-auto wp-image-6630\" srcset=\"https:\/\/informacaoevalor.com\/wp-content\/uploads\/2023\/01\/AdobeStock_31265432-1-1024x685.jpeg 1024w, https:\/\/informacaoevalor.com\/wp-content\/uploads\/2023\/01\/AdobeStock_31265432-1-300x201.jpeg 300w, https:\/\/informacaoevalor.com\/wp-content\/uploads\/2023\/01\/AdobeStock_31265432-1-768x514.jpeg 768w, https:\/\/informacaoevalor.com\/wp-content\/uploads\/2023\/01\/AdobeStock_31265432-1-1536x1028.jpeg 1536w, https:\/\/informacaoevalor.com\/wp-content\/uploads\/2023\/01\/AdobeStock_31265432-1-2048x1371.jpeg 2048w\" sizes=\"(max-width: 1024px) 100vw, 1024px\" \/><figcaption class=\"mt-5 text-xs text-center border-b pb-4\" >Companies understand how Day Care Assistance works (Source: Adobe Stock)<\/figcaption><\/figure>\n<\/div><!--image--><div class=\"mx-5 sm:mx-0 prose leading-relaxed text-lg mb-5 text-left wp-paragraph\">\n<p>Some people may confuse this payment with benefits that the Federal Government pays for some groups of people. However, you can already see that this value has nothing to do with a government benefit.<\/p>\n<\/div><div class=\"mx-5 sm:mx-0 prose leading-relaxed text-lg mb-5 text-left wp-paragraph\">\n<p>In this sense, the mother does not need to be registered in the Cadastro \u00danico to receive the value of the Daycare Allowance.&nbsp;<\/p>\n<\/div><div class=\"wp-block-lazyblock-cta lazyblock-cta-Z1naaB1\">\n  <section class=\"cta mx-5 sm:mx-0 text-gray-600 body-font my-10 border-gray-200 border-b border-l border-r sm:border-0\">\n    <div class=\"h-1 bg-gray-200 rounded overflow-hidden\">\n      <div class=\"w-24 h-full\"><\/div>\n    <\/div>\n    <div class=\"container px-5 pt-6 pb-6 mx-auto flex flex-wrap\" data-anchor-target=\"lazyBlock\">    \n    \n              <a class=\"flex flex-wrap content-center w-full mb-4 md:hidden\" href=\"https:\/\/informacaoevalor.com\/en\/cartao-do-sus-digital\/\"  data-analytics-label=\"ctaImage\" data-action=\"analytics#trackCTA\" aria-label=\"Learn how to download the SUS Digital Card\">\n          <div class=\"m-auto float-none\">\n            <img loading=\"lazy\" src=\"https:\/\/informacaoevalor.com\/wp-content\/uploads\/2023\/01\/cartao-sus-2.png\" alt=\"\">\n          <\/div>\n        <\/a>\n            <h2 class=\"w-full sm:text-3xl text-2xl text-gray-900 font-medium title-font mb-2 text-center md:text-left md:w-2\/5\">\n        <a href=\"https:\/\/informacaoevalor.com\/en\/cartao-do-sus-digital\/\" data-analytics-label=\"ctaTitle\" data-action=\"analytics#trackCTA\" aria-label=\"Learn how to download the SUS Digital Card\">\n            Learn how to download the SUS Digital Card        <\/a>\n      <\/h2>\n      <div class=\"w-full md:w-3\/5 md:pl-6\">\n        <p class=\"text-center md:text-left leading-relaxed text-base\">\n            Full walkthrough here!        <\/p>\n        <div class=\"flex mt-6 w-full flex-1 justify-center ml-auto md:mt-4 md:justify-start\" style=\"font-weight: bold;\">\n          <a class=\"inline-flex items-center\" href=\"https:\/\/informacaoevalor.com\/en\/cartao-do-sus-digital\/\"  data-analytics-label=\"ctaButton\" data-action=\"analytics#trackCTA\" >\n            Keep Reading            <svg fill=\"none\" stroke=\"currentColor\" stroke-linecap=\"round\" stroke-linejoin=\"round\" stroke-width=\"2\" class=\"w-4 h-4 ml-2\" viewbox=\"0 0 24 24\">\n              <path d=\"M5 12h14M12 5l7 7-7 7\"><\/path>\n            <\/svg>\n          <\/a>\n        <\/div>\n      <\/div>  \n          \n    <\/div>\n      <script type=\"module\"> function waitFor(conditionFunction) { const poll = resolve => { if(conditionFunction()) resolve(); else setTimeout(_ => poll(resolve), 400); }; return new Promise(poll); } import { Application, Controller } from \"\/wp-content\/themes\/twentytwentyone\/assets\/js\/stimulus.min.js\"; let Stimulus = Application.start(); Stimulus.register(\"anchor\", class extends Controller { static get targets() { return [ \"lazyBlock\", \"lazyBlockAnchor\" ]; } initialize() { this.active = false; this.passed = false; this.closed = false; this.anchorViews = 0; this.boundOnShowAnchor = this.onShowAnchor.bind(this); window.anchorReady = window.anchorReady || false; waitFor(_ => (window.scrollY > this.getHeightBlock() && !this.active)) .then(_ => { !window.anchorReady? this.visible() : ''; window.anchorReady = true; }); if (document.getElementById('landing')) { setTimeout(() => { !window.anchorReady ? this.visible() : ''; window.anchorReady = true; }, 1 * 30000); }; } connect() { this.onShowAnchor(); document.addEventListener(\"scroll\", this.boundOnShowAnchor); } disconnect() { document.removeEventListener(\"scroll\", this.boundOnShowAnchor); } visible() { if (document.getElementById('av-offerwall__wrapper')) { setTimeout(() => this.visible(), 20000); return; } if (document.getElementById('av-fixed__bottomWrapper') && document.getElementById('av-fixed__bottomWrapper').style.display !== 'none' && document.getElementById('av-fixed__bottomWrapper').getBoundingClientRect().height > 100) { setTimeout(() => this.visible(), 1000); return; } if (document.getElementById('av-fixed__bottomWrapper') && document.getElementById('av-fixed__bottomWrapper').style.display !== 'none' && document.getElementById('av-fixed__bottomWrapper').getBoundingClientRect().height > 10) { this.getAnchorElement().style.marginBottom = '60px'; } if (document.querySelector('[data-anchor-shown=\"true\"]') && document.querySelector('[data-anchor-shown=\"true\"]').style.bottom === '0px') { setTimeout(() => this.visible(), 1000); return; } if (!window.km2AnchorReady) { this.active = true; \/*this.getAnchorElement().style.animation = \"none\"; this.getAnchorElement().classList.remove('animate-show-down');*\/ \/*this.getAnchorElement().classList.add('animate-show-up');*\/ \/*setTimeout(() => {*\/ \/*this.getAnchorElement().style.animation = \"\";*\/ this.getAnchorElement().classList.add('animate-show-up'); this.getAnchorElement().classList.remove('hidden'); this.setAnchorViews(this.anchorViews+1); setTimeout(() => this.closeAnchor(), 20000); waitFor(_ => (document.getElementById('av-fixed__bottomWrapper') && document.getElementById('av-fixed__bottomWrapper').style.display !== 'none' && document.getElementById('av-fixed__bottomWrapper').getBoundingClientRect().height > 10 && this.getAnchorElement().style.marginBottom !== '60px')) .then(_ => { this.closeAnchor(); }); this.active = false; \/*}, 10);*\/ } } invisible() { this.active = true; this.getAnchorElement().style.animation = \"none\"; this.getAnchorElement().classList.remove('animate-show-up'); this.getAnchorElement().classList.add('animate-show-down'); setTimeout(() => { this.getAnchorElement().style.animation = \"\"; setTimeout(() => { this.getAnchorElement().classList.add('hidden'); this.active = false; }, 800); }, 10); } onShowAnchor() { let anchorReady = false;  \/*if (!this.active && !anchorReady) { if (this.getAnchorViews() <= 3) { if (window.scrollY > this.getHeightBlock()) { if (!this.passed && !this.closed) { this.visible(); this.passed = true; } } else { if (this.passed) { this.invisible(); this.passed = false; } } } else { if (!this.getAnchorElement().classList.contains('close')) { this.getAnchorElement().classList.add('close'); if (window.scrollY < this.getHeightBlock()) { this.invisible(); } } } }*\/ } closeAnchor() { if (this.closed) return; this.invisible(); this.getAnchorElement().classList.add('close'); this.closed = true; } getAnchorElement() { return this.lazyBlockAnchorTargets[0]; } getAnchorViews() { this.anchorViews = parseInt(sessionStorage.getItem(\"anchorViews\")) >= 1 ? parseInt(sessionStorage.getItem(\"anchorViews\")) : 0; return this.anchorViews; } setAnchorViews(views) { sessionStorage.setItem(\"anchorViews\", views); } getHeightBlock() { return this.lazyBlockTarget.offsetTop + this.lazyBlockTarget.offsetHeight - 110; } }) <\/script>  <div data-anchor-target=\"lazyBlockAnchor\" class=\"fixed w-full sm:w-96 px-3 py-2 bottom-0 left-0 hidden\" style=\"z-index: 999999;\" name=\"lazyBlockAnchor\">\n    <div class=\"grid justify-items-stretch\">        \n              <div class=\"relative justify-self-end top-4 -right-2\">\n          <button data-no-translation class=\"bg-white text-md font-medium text-center rounded-full h-7 w-7 border-2\" data-analytics-label=\"anchorCloseAnchor\" data-action=\"anchor#closeAnchor\" style=\"z-index: 999999;\">\n            X\n          <\/button>\n        <\/div>\n        <div class=\"justify-self-auto flex flex-col h-32 bg-white border-solid border-2 shadow-md rounded-md\">\n          <div class=\"flex my-0 h-full\">\n            <div class=\"w-2\/5 p-1 ml-2 mt-2 w-full\">\n              <a href=\"https:\/\/informacaoevalor.com\/en\/cartao-do-sus-digital\/\"  data-analytics-label=\"anchorImage\" data-action=\"analytics#trackCTA\">          \n                <img loading=\"lazy\" alt=\"card\" class=\"w-full object-cover h-24 object-center rounded justify-self-auto border-2 border-gray-100\" src=\"https:\/\/informacaoevalor.com\/wp-content\/uploads\/2023\/01\/cartao-sus-2.png\">          \n              <\/a>\n            <\/div>\n            <div class=\"w-3\/5 my-2\">\n              <p class=\"px-4 text-center text-xs h-1\/2\">\n                Learn how to download the SUS Digital Card              <\/p>\n              <a href=\"https:\/\/informacaoevalor.com\/en\/cartao-do-sus-digital\/\"  data-analytics-label=\"anchorButton\" data-action=\"analytics#trackCTA\" >\n                <button class=\"flex w-5\/6 m-auto mt-2 border-0 py-1 px-3 focus:outline-none rounded\">                \n                  <p class=\"text-center w-full\" style=\"font-size: 0.67rem;\">\n                    Keep Reading                  <\/p>\n                <\/button>\n              <\/a>\n              <p class=\"text-gray-500 text-center mt-1\" style=\"font-size: 0.50rem;\">\n                You will remain on the same website              <\/p>\n            <\/div>\n          <\/div>\n        <\/div>\n          <\/div>\n  <\/div>\n  <\/section>\n\n<\/div>","protected":false},"excerpt":{"rendered":"<p>Guarantee the payment of your Day Care Assistance and earn money to give the best to your child. See how it works!<\/p>","protected":false},"author":18,"featured_media":0,"comment_status":"open","ping_status":"open","sticky":false,"template":"","format":"standard","meta":[],"categories":[15],"tags":[306,308,307],"yoast_head":"<!-- This site is optimized with the Yoast SEO Premium plugin v18.7 (Yoast SEO v19.1) - https:\/\/yoast.com\/wordpress\/plugins\/seo\/ -->\n<title>Aux\u00edlio Creche \u2013 Descubra se voc\u00ea tem direito e como solicitar o benef\u00edcio<\/title>\n<meta name=\"description\" content=\"Da forma como funciona o Aux\u00edlio Creche voc\u00ea pode ganhar dinheiro para cuidar do seu filho e continuar trabalhando. Veja como funciona!\" \/>\n<meta name=\"robots\" content=\"index, follow, max-snippet:-1, max-image-preview:large, max-video-preview:-1\" \/>\n<link rel=\"canonical\" href=\"https:\/\/informacaoevalor.com\/en\/como-funciona-o-auxilio-creche\/\" \/>\n<meta property=\"og:locale\" content=\"en_US\" \/>\n<meta property=\"og:type\" content=\"article\" \/>\n<meta property=\"og:title\" content=\"Aux\u00edlio Creche \u2013 Descubra se voc\u00ea tem direito e como solicitar o benef\u00edcio\" \/>\n<meta property=\"og:description\" content=\"Da forma como funciona o Aux\u00edlio Creche voc\u00ea pode ganhar dinheiro para cuidar do seu filho e continuar trabalhando. Veja como funciona!\" \/>\n<meta property=\"og:url\" content=\"https:\/\/informacaoevalor.com\/en\/como-funciona-o-auxilio-creche\/\" \/>\n<meta property=\"og:site_name\" content=\"Informa\u00e7\u00e3o &amp; Valor\" \/>\n<meta property=\"article:published_time\" content=\"2023-01-31T18:21:53+00:00\" \/>\n<meta property=\"article:modified_time\" content=\"2024-09-02T19:43:00+00:00\" \/>\n<meta property=\"og:image\" content=\"https:\/\/informacaoevalor.com\/wp-content\/uploads\/2023\/01\/AdobeStock_105598988-1024x683.jpeg\" \/>\n<meta name=\"twitter:card\" content=\"summary_large_image\" \/>\n<meta name=\"twitter:label1\" content=\"Written by\" \/>\n\t<meta name=\"twitter:data1\" content=\"estherdsales@gmail.com\" \/>\n\t<meta name=\"twitter:label2\" content=\"Est. reading time\" \/>\n\t<meta name=\"twitter:data2\" content=\"9 minutes\" \/>\n<script type=\"application\/ld+json\" class=\"yoast-schema-graph\">{\"@context\":\"https:\/\/schema.org\",\"@graph\":[{\"@type\":\"WebSite\",\"@id\":\"https:\/\/informacaoevalor.com\/#website\",\"url\":\"https:\/\/informacaoevalor.com\/\",\"name\":\"Informa\u00e7\u00e3o &amp; Valor\",\"description\":\"Conte\u00fado e Informa\u00e7\u00e3o que geram valor\",\"potentialAction\":[{\"@type\":\"SearchAction\",\"target\":{\"@type\":\"EntryPoint\",\"urlTemplate\":\"https:\/\/informacaoevalor.com\/?s={search_term_string}\"},\"query-input\":\"required name=search_term_string\"}],\"inLanguage\":\"en-US\"},{\"@type\":\"ImageObject\",\"inLanguage\":\"en-US\",\"@id\":\"https:\/\/informacaoevalor.com\/como-funciona-o-auxilio-creche\/#primaryimage\",\"url\":\"https:\/\/informacaoevalor.com\/wp-content\/uploads\/2023\/01\/AdobeStock_105598988-1024x683.jpeg\",\"contentUrl\":\"https:\/\/informacaoevalor.com\/wp-content\/uploads\/2023\/01\/AdobeStock_105598988-1024x683.jpeg\"},{\"@type\":\"WebPage\",\"@id\":\"https:\/\/informacaoevalor.com\/como-funciona-o-auxilio-creche\/#webpage\",\"url\":\"https:\/\/informacaoevalor.com\/como-funciona-o-auxilio-creche\/\",\"name\":\"Aux\u00edlio Creche \u2013 Descubra se voc\u00ea tem direito e como solicitar o benef\u00edcio\",\"isPartOf\":{\"@id\":\"https:\/\/informacaoevalor.com\/#website\"},\"primaryImageOfPage\":{\"@id\":\"https:\/\/informacaoevalor.com\/como-funciona-o-auxilio-creche\/#primaryimage\"},\"datePublished\":\"2023-01-31T18:21:53+00:00\",\"dateModified\":\"2024-09-02T19:43:00+00:00\",\"author\":{\"@id\":\"https:\/\/informacaoevalor.com\/#\/schema\/person\/e6ed40f157ae29f301bc7f879e6ae7e4\"},\"description\":\"Da forma como funciona o Aux\u00edlio Creche voc\u00ea pode ganhar dinheiro para cuidar do seu filho e continuar trabalhando. Veja como funciona!\",\"breadcrumb\":{\"@id\":\"https:\/\/informacaoevalor.com\/como-funciona-o-auxilio-creche\/#breadcrumb\"},\"inLanguage\":\"en-US\",\"potentialAction\":[{\"@type\":\"ReadAction\",\"target\":[\"https:\/\/informacaoevalor.com\/como-funciona-o-auxilio-creche\/\"]}]},{\"@type\":\"BreadcrumbList\",\"@id\":\"https:\/\/informacaoevalor.com\/como-funciona-o-auxilio-creche\/#breadcrumb\",\"itemListElement\":[{\"@type\":\"ListItem\",\"position\":1,\"name\":\"Home\",\"item\":\"https:\/\/informacaoevalor.com\/\"},{\"@type\":\"ListItem\",\"position\":2,\"name\":\"Aux\u00edlio Creche \u2013 Descubra se voc\u00ea tem direito e como solicitar o benef\u00edcio\"}]},{\"@type\":\"Person\",\"@id\":\"https:\/\/informacaoevalor.com\/#\/schema\/person\/e6ed40f157ae29f301bc7f879e6ae7e4\",\"name\":\"estherdsales@gmail.com\",\"image\":{\"@type\":\"ImageObject\",\"inLanguage\":\"en-US\",\"@id\":\"https:\/\/informacaoevalor.com\/#\/schema\/person\/image\/\",\"url\":\"https:\/\/secure.gravatar.com\/avatar\/18c935df8242b359fcafbc5cf4928397?s=96&d=mm&r=g\",\"contentUrl\":\"https:\/\/secure.gravatar.com\/avatar\/18c935df8242b359fcafbc5cf4928397?s=96&d=mm&r=g\",\"caption\":\"estherdsales@gmail.com\"},\"url\":\"https:\/\/informacaoevalor.com\/en\/author\/estherdsalesgmail-com\/\"}]}<\/script>\n<!-- \/ Yoast SEO Premium plugin. -->","yoast_head_json":{"title":"Aux\u00edlio Creche \u2013 Descubra se voc\u00ea tem direito e como solicitar o benef\u00edcio","description":"Da forma como funciona o Aux\u00edlio Creche voc\u00ea pode ganhar dinheiro para cuidar do seu filho e continuar trabalhando. Veja como funciona!","robots":{"index":"index","follow":"follow","max-snippet":"max-snippet:-1","max-image-preview":"max-image-preview:large","max-video-preview":"max-video-preview:-1"},"canonical":"https:\/\/informacaoevalor.com\/en\/como-funciona-o-auxilio-creche\/","og_locale":"en_US","og_type":"article","og_title":"Aux\u00edlio Creche \u2013 Descubra se voc\u00ea tem direito e como solicitar o benef\u00edcio","og_description":"Da forma como funciona o Aux\u00edlio Creche voc\u00ea pode ganhar dinheiro para cuidar do seu filho e continuar trabalhando. Veja como funciona!","og_url":"https:\/\/informacaoevalor.com\/en\/como-funciona-o-auxilio-creche\/","og_site_name":"Informa\u00e7\u00e3o &amp; Valor","article_published_time":"2023-01-31T18:21:53+00:00","article_modified_time":"2024-09-02T19:43:00+00:00","og_image":[{"url":"https:\/\/informacaoevalor.com\/wp-content\/uploads\/2023\/01\/AdobeStock_105598988-1024x683.jpeg"}],"twitter_card":"summary_large_image","twitter_misc":{"Written by":"estherdsales@gmail.com","Est. reading time":"9 minutes"},"schema":{"@context":"https:\/\/schema.org","@graph":[{"@type":"WebSite","@id":"https:\/\/informacaoevalor.com\/#website","url":"https:\/\/informacaoevalor.com\/","name":"Informa\u00e7\u00e3o &amp; Valor","description":"Conte\u00fado e Informa\u00e7\u00e3o que geram valor","potentialAction":[{"@type":"SearchAction","target":{"@type":"EntryPoint","urlTemplate":"https:\/\/informacaoevalor.com\/?s={search_term_string}"},"query-input":"required name=search_term_string"}],"inLanguage":"en-US"},{"@type":"ImageObject","inLanguage":"en-US","@id":"https:\/\/informacaoevalor.com\/como-funciona-o-auxilio-creche\/#primaryimage","url":"https:\/\/informacaoevalor.com\/wp-content\/uploads\/2023\/01\/AdobeStock_105598988-1024x683.jpeg","contentUrl":"https:\/\/informacaoevalor.com\/wp-content\/uploads\/2023\/01\/AdobeStock_105598988-1024x683.jpeg"},{"@type":"WebPage","@id":"https:\/\/informacaoevalor.com\/como-funciona-o-auxilio-creche\/#webpage","url":"https:\/\/informacaoevalor.com\/como-funciona-o-auxilio-creche\/","name":"Aux\u00edlio Creche \u2013 Descubra se voc\u00ea tem direito e como solicitar o benef\u00edcio","isPartOf":{"@id":"https:\/\/informacaoevalor.com\/#website"},"primaryImageOfPage":{"@id":"https:\/\/informacaoevalor.com\/como-funciona-o-auxilio-creche\/#primaryimage"},"datePublished":"2023-01-31T18:21:53+00:00","dateModified":"2024-09-02T19:43:00+00:00","author":{"@id":"https:\/\/informacaoevalor.com\/#\/schema\/person\/e6ed40f157ae29f301bc7f879e6ae7e4"},"description":"Da forma como funciona o Aux\u00edlio Creche voc\u00ea pode ganhar dinheiro para cuidar do seu filho e continuar trabalhando. Veja como funciona!","breadcrumb":{"@id":"https:\/\/informacaoevalor.com\/como-funciona-o-auxilio-creche\/#breadcrumb"},"inLanguage":"en-US","potentialAction":[{"@type":"ReadAction","target":["https:\/\/informacaoevalor.com\/como-funciona-o-auxilio-creche\/"]}]},{"@type":"BreadcrumbList","@id":"https:\/\/informacaoevalor.com\/como-funciona-o-auxilio-creche\/#breadcrumb","itemListElement":[{"@type":"ListItem","position":1,"name":"Home","item":"https:\/\/informacaoevalor.com\/"},{"@type":"ListItem","position":2,"name":"Aux\u00edlio Creche \u2013 Descubra se voc\u00ea tem direito e como solicitar o benef\u00edcio"}]},{"@type":"Person","@id":"https:\/\/informacaoevalor.com\/#\/schema\/person\/e6ed40f157ae29f301bc7f879e6ae7e4","name":"estherdsales@gmail.com","image":{"@type":"ImageObject","inLanguage":"en-US","@id":"https:\/\/informacaoevalor.com\/#\/schema\/person\/image\/","url":"https:\/\/secure.gravatar.com\/avatar\/18c935df8242b359fcafbc5cf4928397?s=96&d=mm&r=g","contentUrl":"https:\/\/secure.gravatar.com\/avatar\/18c935df8242b359fcafbc5cf4928397?s=96&d=mm&r=g","caption":"estherdsales@gmail.com"},"url":"https:\/\/informacaoevalor.com\/en\/author\/estherdsalesgmail-com\/"}]}},"_links":{"self":[{"href":"https:\/\/informacaoevalor.com\/en\/wp-json\/wp\/v2\/posts\/6621"}],"collection":[{"href":"https:\/\/informacaoevalor.com\/en\/wp-json\/wp\/v2\/posts"}],"about":[{"href":"https:\/\/informacaoevalor.com\/en\/wp-json\/wp\/v2\/types\/post"}],"author":[{"embeddable":true,"href":"https:\/\/informacaoevalor.com\/en\/wp-json\/wp\/v2\/users\/18"}],"replies":[{"embeddable":true,"href":"https:\/\/informacaoevalor.com\/en\/wp-json\/wp\/v2\/comments?post=6621"}],"version-history":[{"count":0,"href":"https:\/\/informacaoevalor.com\/en\/wp-json\/wp\/v2\/posts\/6621\/revisions"}],"wp:attachment":[{"href":"https:\/\/informacaoevalor.com\/en\/wp-json\/wp\/v2\/media?parent=6621"}],"wp:term":[{"taxonomy":"category","embeddable":true,"href":"https:\/\/informacaoevalor.com\/en\/wp-json\/wp\/v2\/categories?post=6621"},{"taxonomy":"post_tag","embeddable":true,"href":"https:\/\/informacaoevalor.com\/en\/wp-json\/wp\/v2\/tags?post=6621"}],"curies":[{"name":"wp","href":"https:\/\/api.w.org\/{rel}","templated":true}]}}