{"id":2225,"date":"2022-03-02T13:52:40","date_gmt":"2022-03-02T13:52:40","guid":{"rendered":"https:\/\/informacaoevalor.com\/?p=2225"},"modified":"2022-10-06T22:34:12","modified_gmt":"2022-10-06T22:34:12","slug":"tarifa-social-de-luz-vale-gas-e-auxilio-brasil-posso-receber-os-tres-ao-mesmo-tempo","status":"publish","type":"post","link":"https:\/\/informacaoevalor.com\/en\/tarifa-social-de-luz-vale-gas-e-auxilio-brasil-posso-receber-os-tres-ao-mesmo-tempo\/","title":{"rendered":"Social Tariff for Electricity, Vale Gas and Aux\u00edlio Brasil. Can I receive all three at the same time?"},"content":{"rendered":"<div class=\"mx-5 sm:mx-0 prose leading-relaxed text-lg mb-5 text-left wp-paragraph\">\n<p><em>Many people who need these benefits wonder if they can receive them together or if there is some kind of ban on doing so. Check the answer in the article below.<\/em><\/p>\n<\/div><div class=\"mx-5 sm:mx-0 prose leading-relaxed text-lg mb-5 text-left wp-paragraph\">\n<p>The life of Brazilians is not easy. The cost of living has been rising too much and practically everything we consume is getting more expensive on the shelves.<\/p>\n<\/div><div class=\"mx-5 sm:mx-0 prose leading-relaxed text-lg mb-5 text-left wp-paragraph\">\n<p>Likewise, basic necessities such as electricity and cooking gas have weighed heavily on citizens&#039; pockets, causing many people to return to the times of rationing.<\/p>\n<\/div><div class=\"mx-5 sm:mx-0 prose leading-relaxed text-lg mb-5 text-left wp-paragraph\">\n<p>In order to alleviate this whole situation, there are government social programs, which work as an escape valve so that everyone can have access to basic resources.<\/p>\n<\/div><div class=\"mx-5 sm:mx-0 prose leading-relaxed text-lg mb-5 text-left wp-paragraph\">\n<p>However, each social program has its specific requirements, which leaves most people lost.<\/p>\n<\/div><div class=\"mx-5 sm:mx-0 prose leading-relaxed text-lg mb-5 text-left wp-paragraph\">\n<p>With that in mind, we have prepared a complete guide for you to understand how each one works.<\/p>\n<\/div><!--advertisement--><div class=\"mx-5 sm:mx-0 sm:text-3xl text-2xl font-medium title-font mb-4 text-gray-900 text-left\">\n<h2>Is it possible to receive all three benefits at the same time?<\/h2>\n<\/div><div class=\"mx-5 sm:mx-0 prose leading-relaxed text-lg mb-5 text-left wp-paragraph\">\n<p>This is the question that many still ask.<\/p>\n<\/div><div class=\"mx-5 sm:mx-0 prose leading-relaxed text-lg mb-5 text-left wp-paragraph\">\n<p>If someone needs help with the electricity bill (Social Tariff), cooking gas (Vale G\u00e1s) and basic needs (Aux\u00edlio Brasil), can that person receive all the benefits at the same time?<\/p>\n<\/div><div class=\"mx-5 sm:mx-0 prose leading-relaxed text-lg mb-5 text-left wp-paragraph\">\n<p>And the answer is <strong>YES<\/strong>. The same family can receive these three benefits at the same time, as there is no law that prohibits this.<\/p>\n<\/div><div class=\"mx-5 sm:mx-0 prose leading-relaxed text-lg mb-5 text-left wp-paragraph\">\n<p>However, it is necessary to pay attention to the individual requirements of each program, to verify if that family is able to participate in all of them.<\/p>\n<\/div><div class=\"mx-5 sm:mx-0 prose leading-relaxed text-lg mb-5 text-left wp-paragraph\">\n<p>Check the requirements for each below.<\/p>\n<\/div><!--advertisement--><div class=\"mx-5 sm:mx-0 sm:text-3xl text-2xl font-medium title-font mb-4 text-gray-900 text-left\">\n<h2>Social Electricity Tariff<\/h2>\n<\/div><!--image--><div class=\"px-5 sm:px-0 sm:w-[800px] sm:ml-[50%] sm:-translate-x-2\/4 rounded-lg overflow-hidden mb-5 text-center\">\n<figure class=\"wp-block-image aligncenter size-full\"><img width=\"600\" height=\"350\" loading=\"lazy\" src=\"http:\/\/143.244.166.245\/wp-content\/uploads\/2022\/08\/11.jpg\" alt=\"\" class=\"w-full object-cover object-center border mx-auto wp-image-2306\" srcset=\"https:\/\/informacaoevalor.com\/wp-content\/uploads\/2022\/08\/11.jpg 600w, https:\/\/informacaoevalor.com\/wp-content\/uploads\/2022\/08\/11-300x175.jpg 300w\" sizes=\"(max-width: 600px) 100vw, 600px\" \/><\/figure>\n<\/div><!--image--><div class=\"mx-5 sm:mx-0 prose leading-relaxed text-lg mb-5 text-left wp-paragraph\">\n<p>When it was launched, the Social Tariff program required that each beneficiary attend the electricity distributor to present the documents before registration.<\/p>\n<\/div><div class=\"mx-5 sm:mx-0 prose leading-relaxed text-lg mb-5 text-left wp-paragraph\">\n<p>However, law 14.203\/2021 brought changes to the form of registration in the program.<\/p>\n<\/div><div class=\"mx-5 sm:mx-0 prose leading-relaxed text-lg mb-5 text-left wp-paragraph\">\n<p>Now, people enrolled in Cad\u00danico (Cadastro \u00danico) for social programs of the federal government and in BPC (Benefit of Continuous Provision) will be automatically registered in the program.<\/p>\n<\/div><div class=\"mx-5 sm:mx-0 prose leading-relaxed text-lg mb-5 text-left wp-paragraph\">\n<p>It is worth remembering that each beneficiary can only use the benefit in just one residence, and must notify the distributor if he\/she leaves that residence.<\/p>\n<\/div><div class=\"mx-5 sm:mx-0 prose leading-relaxed text-lg mb-5 text-left wp-paragraph\">\n<p>The requirements are:<\/p>\n<\/div><div class=\"mx-5 sm:mx-0 prose text-left mb-5\">\n<ul><li>Be enrolled in the Single Registry of the federal government (Cad\u00danico);<\/li><li>Have a family income per person of up to half the national minimum wage;<\/li><li>The rule above excludes families that have an income of up to 3 minimum wages and have a person with an illness or disability, who uses appliances and instruments that consume electricity;<\/li><li>Elderly from 65 years old or people who have a disability and earn the BPC;<\/li><li>Indigenous and quilombola families, enrolled in the Cad\u00danico, and who meet the income criteria.<\/li><\/ul>\n<\/div><!--advertisement--><div class=\"mx-5 sm:mx-0 sm:text-3xl text-2xl font-medium title-font mb-4 text-gray-900 text-left\">\n<h2>gas voucher<\/h2>\n<\/div><!--image--><div class=\"px-5 sm:px-0 sm:w-[800px] sm:ml-[50%] sm:-translate-x-2\/4 rounded-lg overflow-hidden mb-5 text-center\">\n<figure class=\"wp-block-image aligncenter size-full\"><img width=\"600\" height=\"350\" loading=\"lazy\" src=\"http:\/\/143.244.166.245\/wp-content\/uploads\/2022\/08\/11-11.jpg\" alt=\"\" class=\"w-full object-cover object-center border mx-auto wp-image-2307\" srcset=\"https:\/\/informacaoevalor.com\/wp-content\/uploads\/2022\/08\/11-11.jpg 600w, https:\/\/informacaoevalor.com\/wp-content\/uploads\/2022\/08\/11-11-300x175.jpg 300w\" sizes=\"(max-width: 600px) 100vw, 600px\" \/><\/figure>\n<\/div><!--image--><div class=\"mx-5 sm:mx-0 prose leading-relaxed text-lg mb-5 text-left wp-paragraph\">\n<p>Initially, three groups of families are benefiting from receiving the Gas Voucher:<\/p>\n<\/div><div class=\"mx-5 sm:mx-0 prose text-left mb-5\">\n<ul><li>Those who are enrolled in the Single Registry for Social Programs of the federal government (Cad\u00danico), with monthly per capita family income less than or equal to half the national minimum wage;<\/li><li>Those that have members who receive the benefit of continued provision of social assistance, the BPC;<\/li><li>Finally, the law establishes that the aid will be granted \u201cpreferably\u201d to families with women who are victims of domestic violence and who have protective measures.<\/li><\/ul>\n<\/div><div class=\"mx-5 sm:mx-0 prose leading-relaxed text-lg mb-5 text-left wp-paragraph\">\n<p>People who meet the requirements explained above can check the availability of the benefit through the Aux\u00edlio Brasil applications, through CAIXA Tem or by calling 111.<\/p>\n<\/div><div class=\"mx-5 sm:mx-0 prose leading-relaxed text-lg mb-5 text-left wp-paragraph\">\n<p>The values referring to the program will be credited to the accounts that the beneficiaries already have for other social programs.<\/p>\n<\/div><div class=\"mx-5 sm:mx-0 prose leading-relaxed text-lg mb-5 text-left wp-paragraph\">\n<p>This means that the cards and passwords used to withdraw the Aux\u00edlio Brasil can be used to receive the Gas Voucher.<\/p>\n<\/div><!--advertisement--><div class=\"mx-5 sm:mx-0 sm:text-3xl text-2xl font-medium title-font mb-4 text-gray-900 text-left\">\n<h2>Brazil aid<\/h2>\n<\/div><!--image--><div class=\"px-5 sm:px-0 sm:w-[800px] sm:ml-[50%] sm:-translate-x-2\/4 rounded-lg overflow-hidden mb-5 text-center\">\n<figure class=\"wp-block-image aligncenter size-full\"><img width=\"868\" height=\"828\" loading=\"lazy\" src=\"http:\/\/143.244.166.245\/wp-content\/uploads\/2022\/08\/30122021_auxilio_brasil1.png\" alt=\"\" class=\"w-full object-cover object-center border mx-auto wp-image-2308\" srcset=\"https:\/\/informacaoevalor.com\/wp-content\/uploads\/2022\/08\/30122021_auxilio_brasil1.png 868w, https:\/\/informacaoevalor.com\/wp-content\/uploads\/2022\/08\/30122021_auxilio_brasil1-300x286.png 300w, https:\/\/informacaoevalor.com\/wp-content\/uploads\/2022\/08\/30122021_auxilio_brasil1-768x733.png 768w\" sizes=\"(max-width: 868px) 100vw, 868px\" \/><\/figure>\n<\/div><!--image--><div class=\"mx-5 sm:mx-0 prose leading-relaxed text-lg mb-5 text-left wp-paragraph\">\n<p>The requirements for enrolling in the program are:<\/p>\n<\/div><div class=\"mx-5 sm:mx-0 prose text-left mb-5\">\n<ul><li>Be registered, by the city hall, in the Single Registry of Social Programs of the Federal Government;<\/li><li>Be selected by the Ministry of Citizenship;<\/li><li>Being in poverty or extreme poverty. Families living in poverty must include pregnant women, nursing mothers (breastfeeding mothers), children, adolescents or young people between 0 and 21 years of age.<\/li><\/ul>\n<\/div><div class=\"mx-5 sm:mx-0 prose leading-relaxed text-lg mb-5 text-left wp-paragraph\">\n<p>Receiving amounts can be done in two ways:<\/p>\n<\/div><div class=\"mx-5 sm:mx-0 prose text-left mb-5\">\n<ul><li>Social Digital Savings Account: this is an account opened automatically by Caixa, which can be accessed through the Caixa Tem application. Through it, it is possible to make payments, transfers and withdrawals with the virtual debit card.<\/li><li>Caixa F\u00e1cil savings account: it is a simplified savings account with a maximum monthly turnover of R$ 3,000.00. Values can be withdrawn using the magnetic card.<\/li><\/ul>\n<\/div><div class=\"mx-5 sm:mx-0 prose leading-relaxed text-lg mb-5 text-left wp-paragraph\">\n<p>With all this information, just check if you meet all the requirements and request all the benefits you are entitled to.<\/p>\n<\/div>","protected":false},"excerpt":{"rendered":"<p>Many people who need these benefits wonder if they can receive them together or if there is some type of prohibition against this. Check out the answer in the article below. Brazilians&#039; lives are not easy. The cost of living has been rising dramatically and practically everything we consume is becoming more expensive on the shelves. Of the same\u2026 <a class=\"more-link\" href=\"https:\/\/informacaoevalor.com\/en\/tarifa-social-de-luz-vale-gas-e-auxilio-brasil-posso-receber-os-tres-ao-mesmo-tempo\/\">Continue reading <span class=\"screen-reader-text\">Social Tariff for Electricity, Vale Gas and Aux\u00edlio Brasil. Can I receive all three at the same time?<\/span><\/a><\/p>","protected":false},"author":18,"featured_media":2601,"comment_status":"closed","ping_status":"open","sticky":false,"template":"","format":"standard","meta":[],"categories":[15,5],"tags":[],"yoast_head":"<!-- This site is optimized with the Yoast SEO Premium plugin v18.7 (Yoast SEO v19.1) - https:\/\/yoast.com\/wordpress\/plugins\/seo\/ -->\n<title>Tarifa Social de Luz, Vale G\u00e1s e Aux\u00edlio Brasil. Posso receber os tr\u00eas ao mesmo tempo? - Informa\u00e7\u00e3o &amp; Valor<\/title>\n<meta name=\"robots\" content=\"index, follow, max-snippet:-1, max-image-preview:large, max-video-preview:-1\" \/>\n<link rel=\"canonical\" href=\"https:\/\/informacaoevalor.com\/en\/tarifa-social-de-luz-vale-gas-e-auxilio-brasil-posso-receber-os-tres-ao-mesmo-tempo\/\" \/>\n<meta property=\"og:locale\" content=\"en_US\" \/>\n<meta property=\"og:type\" content=\"article\" \/>\n<meta property=\"og:title\" content=\"Tarifa Social de Luz, Vale G\u00e1s e Aux\u00edlio Brasil. Posso receber os tr\u00eas ao mesmo tempo?\" \/>\n<meta property=\"og:description\" content=\"Muitas pessoas que precisam desses benef\u00edcios se perguntam se podem receb\u00ea-los conjuntamente ou se existe algum tipo de proibi\u00e7\u00e3o a isso. Confira a resposta no artigo abaixo. A vida dos brasileiros n\u00e3o est\u00e1 f\u00e1cil. O custo de vida vem subindo demais e praticamente tudo o que consumimos est\u00e1 ficando mais caro nas prateleiras. Da mesma&hellip; Continue reading Tarifa Social de Luz, Vale G\u00e1s e Aux\u00edlio Brasil. Posso receber os tr\u00eas ao mesmo tempo?\" \/>\n<meta property=\"og:url\" content=\"https:\/\/informacaoevalor.com\/en\/tarifa-social-de-luz-vale-gas-e-auxilio-brasil-posso-receber-os-tres-ao-mesmo-tempo\/\" \/>\n<meta property=\"og:site_name\" content=\"Informa\u00e7\u00e3o &amp; Valor\" \/>\n<meta property=\"article:published_time\" content=\"2022-03-02T13:52:40+00:00\" \/>\n<meta property=\"article:modified_time\" content=\"2022-10-06T22:34:12+00:00\" \/>\n<meta property=\"og:image\" content=\"https:\/\/informacaoevalor.com\/wp-content\/uploads\/2022\/03\/dinheiro5.jpg\" \/>\n\t<meta property=\"og:image:width\" content=\"1200\" \/>\n\t<meta property=\"og:image:height\" content=\"750\" \/>\n\t<meta property=\"og:image:type\" content=\"image\/jpeg\" \/>\n<meta name=\"twitter:card\" content=\"summary_large_image\" \/>\n<meta name=\"twitter:label1\" content=\"Written by\" \/>\n\t<meta name=\"twitter:data1\" content=\"estherdsales@gmail.com\" \/>\n\t<meta name=\"twitter:label2\" content=\"Est. reading time\" \/>\n\t<meta name=\"twitter:data2\" content=\"5 minutes\" \/>\n<script type=\"application\/ld+json\" class=\"yoast-schema-graph\">{\"@context\":\"https:\/\/schema.org\",\"@graph\":[{\"@type\":\"WebSite\",\"@id\":\"https:\/\/informacaoevalor.com\/#website\",\"url\":\"https:\/\/informacaoevalor.com\/\",\"name\":\"Informa\u00e7\u00e3o &amp; Valor\",\"description\":\"Conte\u00fado e Informa\u00e7\u00e3o que geram valor\",\"potentialAction\":[{\"@type\":\"SearchAction\",\"target\":{\"@type\":\"EntryPoint\",\"urlTemplate\":\"https:\/\/informacaoevalor.com\/?s={search_term_string}\"},\"query-input\":\"required name=search_term_string\"}],\"inLanguage\":\"en-US\"},{\"@type\":\"ImageObject\",\"inLanguage\":\"en-US\",\"@id\":\"https:\/\/informacaoevalor.com\/tarifa-social-de-luz-vale-gas-e-auxilio-brasil-posso-receber-os-tres-ao-mesmo-tempo\/#primaryimage\",\"url\":\"https:\/\/informacaoevalor.com\/wp-content\/uploads\/2022\/03\/dinheiro5.jpg\",\"contentUrl\":\"https:\/\/informacaoevalor.com\/wp-content\/uploads\/2022\/03\/dinheiro5.jpg\",\"width\":1200,\"height\":750},{\"@type\":\"WebPage\",\"@id\":\"https:\/\/informacaoevalor.com\/tarifa-social-de-luz-vale-gas-e-auxilio-brasil-posso-receber-os-tres-ao-mesmo-tempo\/#webpage\",\"url\":\"https:\/\/informacaoevalor.com\/tarifa-social-de-luz-vale-gas-e-auxilio-brasil-posso-receber-os-tres-ao-mesmo-tempo\/\",\"name\":\"Tarifa Social de Luz, Vale G\u00e1s e Aux\u00edlio Brasil. Posso receber os tr\u00eas ao mesmo tempo? - Informa\u00e7\u00e3o &amp; Valor\",\"isPartOf\":{\"@id\":\"https:\/\/informacaoevalor.com\/#website\"},\"primaryImageOfPage\":{\"@id\":\"https:\/\/informacaoevalor.com\/tarifa-social-de-luz-vale-gas-e-auxilio-brasil-posso-receber-os-tres-ao-mesmo-tempo\/#primaryimage\"},\"datePublished\":\"2022-03-02T13:52:40+00:00\",\"dateModified\":\"2022-10-06T22:34:12+00:00\",\"author\":{\"@id\":\"https:\/\/informacaoevalor.com\/#\/schema\/person\/e6bebf2e214b11bd4567abc10c75395d\"},\"breadcrumb\":{\"@id\":\"https:\/\/informacaoevalor.com\/tarifa-social-de-luz-vale-gas-e-auxilio-brasil-posso-receber-os-tres-ao-mesmo-tempo\/#breadcrumb\"},\"inLanguage\":\"en-US\",\"potentialAction\":[{\"@type\":\"ReadAction\",\"target\":[\"https:\/\/informacaoevalor.com\/tarifa-social-de-luz-vale-gas-e-auxilio-brasil-posso-receber-os-tres-ao-mesmo-tempo\/\"]}]},{\"@type\":\"BreadcrumbList\",\"@id\":\"https:\/\/informacaoevalor.com\/tarifa-social-de-luz-vale-gas-e-auxilio-brasil-posso-receber-os-tres-ao-mesmo-tempo\/#breadcrumb\",\"itemListElement\":[{\"@type\":\"ListItem\",\"position\":1,\"name\":\"Home\",\"item\":\"https:\/\/informacaoevalor.com\/\"},{\"@type\":\"ListItem\",\"position\":2,\"name\":\"Tarifa Social de Luz, Vale G\u00e1s e Aux\u00edlio Brasil. Posso receber os tr\u00eas ao mesmo tempo?\"}]},{\"@type\":\"Person\",\"@id\":\"https:\/\/informacaoevalor.com\/#\/schema\/person\/e6bebf2e214b11bd4567abc10c75395d\",\"name\":\"estherdsales@gmail.com\",\"image\":{\"@type\":\"ImageObject\",\"inLanguage\":\"en-US\",\"@id\":\"https:\/\/informacaoevalor.com\/#\/schema\/person\/image\/\",\"url\":\"https:\/\/secure.gravatar.com\/avatar\/18c935df8242b359fcafbc5cf4928397?s=96&d=mm&r=g\",\"contentUrl\":\"https:\/\/secure.gravatar.com\/avatar\/18c935df8242b359fcafbc5cf4928397?s=96&d=mm&r=g\",\"caption\":\"estherdsales@gmail.com\"},\"url\":\"https:\/\/informacaoevalor.com\/en\/author\/estherdsalesgmail-com\/\"}]}<\/script>\n<!-- \/ Yoast SEO Premium plugin. -->","yoast_head_json":{"title":"Tarifa Social de Luz, Vale G\u00e1s e Aux\u00edlio Brasil. Posso receber os tr\u00eas ao mesmo tempo? - Informa\u00e7\u00e3o &amp; Valor","robots":{"index":"index","follow":"follow","max-snippet":"max-snippet:-1","max-image-preview":"max-image-preview:large","max-video-preview":"max-video-preview:-1"},"canonical":"https:\/\/informacaoevalor.com\/en\/tarifa-social-de-luz-vale-gas-e-auxilio-brasil-posso-receber-os-tres-ao-mesmo-tempo\/","og_locale":"en_US","og_type":"article","og_title":"Tarifa Social de Luz, Vale G\u00e1s e Aux\u00edlio Brasil. Posso receber os tr\u00eas ao mesmo tempo?","og_description":"Muitas pessoas que precisam desses benef\u00edcios se perguntam se podem receb\u00ea-los conjuntamente ou se existe algum tipo de proibi\u00e7\u00e3o a isso. Confira a resposta no artigo abaixo. A vida dos brasileiros n\u00e3o est\u00e1 f\u00e1cil. O custo de vida vem subindo demais e praticamente tudo o que consumimos est\u00e1 ficando mais caro nas prateleiras. Da mesma&hellip; Continue reading Tarifa Social de Luz, Vale G\u00e1s e Aux\u00edlio Brasil. Posso receber os tr\u00eas ao mesmo tempo?","og_url":"https:\/\/informacaoevalor.com\/en\/tarifa-social-de-luz-vale-gas-e-auxilio-brasil-posso-receber-os-tres-ao-mesmo-tempo\/","og_site_name":"Informa\u00e7\u00e3o &amp; Valor","article_published_time":"2022-03-02T13:52:40+00:00","article_modified_time":"2022-10-06T22:34:12+00:00","og_image":[{"width":1200,"height":750,"url":"https:\/\/informacaoevalor.com\/wp-content\/uploads\/2022\/03\/dinheiro5.jpg","type":"image\/jpeg"}],"twitter_card":"summary_large_image","twitter_misc":{"Written by":"estherdsales@gmail.com","Est. reading time":"5 minutes"},"schema":{"@context":"https:\/\/schema.org","@graph":[{"@type":"WebSite","@id":"https:\/\/informacaoevalor.com\/#website","url":"https:\/\/informacaoevalor.com\/","name":"Informa\u00e7\u00e3o &amp; Valor","description":"Conte\u00fado e Informa\u00e7\u00e3o que geram valor","potentialAction":[{"@type":"SearchAction","target":{"@type":"EntryPoint","urlTemplate":"https:\/\/informacaoevalor.com\/?s={search_term_string}"},"query-input":"required name=search_term_string"}],"inLanguage":"en-US"},{"@type":"ImageObject","inLanguage":"en-US","@id":"https:\/\/informacaoevalor.com\/tarifa-social-de-luz-vale-gas-e-auxilio-brasil-posso-receber-os-tres-ao-mesmo-tempo\/#primaryimage","url":"https:\/\/informacaoevalor.com\/wp-content\/uploads\/2022\/03\/dinheiro5.jpg","contentUrl":"https:\/\/informacaoevalor.com\/wp-content\/uploads\/2022\/03\/dinheiro5.jpg","width":1200,"height":750},{"@type":"WebPage","@id":"https:\/\/informacaoevalor.com\/tarifa-social-de-luz-vale-gas-e-auxilio-brasil-posso-receber-os-tres-ao-mesmo-tempo\/#webpage","url":"https:\/\/informacaoevalor.com\/tarifa-social-de-luz-vale-gas-e-auxilio-brasil-posso-receber-os-tres-ao-mesmo-tempo\/","name":"Tarifa Social de Luz, Vale G\u00e1s e Aux\u00edlio Brasil. Posso receber os tr\u00eas ao mesmo tempo? - Informa\u00e7\u00e3o &amp; Valor","isPartOf":{"@id":"https:\/\/informacaoevalor.com\/#website"},"primaryImageOfPage":{"@id":"https:\/\/informacaoevalor.com\/tarifa-social-de-luz-vale-gas-e-auxilio-brasil-posso-receber-os-tres-ao-mesmo-tempo\/#primaryimage"},"datePublished":"2022-03-02T13:52:40+00:00","dateModified":"2022-10-06T22:34:12+00:00","author":{"@id":"https:\/\/informacaoevalor.com\/#\/schema\/person\/e6bebf2e214b11bd4567abc10c75395d"},"breadcrumb":{"@id":"https:\/\/informacaoevalor.com\/tarifa-social-de-luz-vale-gas-e-auxilio-brasil-posso-receber-os-tres-ao-mesmo-tempo\/#breadcrumb"},"inLanguage":"en-US","potentialAction":[{"@type":"ReadAction","target":["https:\/\/informacaoevalor.com\/tarifa-social-de-luz-vale-gas-e-auxilio-brasil-posso-receber-os-tres-ao-mesmo-tempo\/"]}]},{"@type":"BreadcrumbList","@id":"https:\/\/informacaoevalor.com\/tarifa-social-de-luz-vale-gas-e-auxilio-brasil-posso-receber-os-tres-ao-mesmo-tempo\/#breadcrumb","itemListElement":[{"@type":"ListItem","position":1,"name":"Home","item":"https:\/\/informacaoevalor.com\/"},{"@type":"ListItem","position":2,"name":"Tarifa Social de Luz, Vale G\u00e1s e Aux\u00edlio Brasil. Posso receber os tr\u00eas ao mesmo tempo?"}]},{"@type":"Person","@id":"https:\/\/informacaoevalor.com\/#\/schema\/person\/e6bebf2e214b11bd4567abc10c75395d","name":"estherdsales@gmail.com","image":{"@type":"ImageObject","inLanguage":"en-US","@id":"https:\/\/informacaoevalor.com\/#\/schema\/person\/image\/","url":"https:\/\/secure.gravatar.com\/avatar\/18c935df8242b359fcafbc5cf4928397?s=96&d=mm&r=g","contentUrl":"https:\/\/secure.gravatar.com\/avatar\/18c935df8242b359fcafbc5cf4928397?s=96&d=mm&r=g","caption":"estherdsales@gmail.com"},"url":"https:\/\/informacaoevalor.com\/en\/author\/estherdsalesgmail-com\/"}]}},"_links":{"self":[{"href":"https:\/\/informacaoevalor.com\/en\/wp-json\/wp\/v2\/posts\/2225"}],"collection":[{"href":"https:\/\/informacaoevalor.com\/en\/wp-json\/wp\/v2\/posts"}],"about":[{"href":"https:\/\/informacaoevalor.com\/en\/wp-json\/wp\/v2\/types\/post"}],"author":[{"embeddable":true,"href":"https:\/\/informacaoevalor.com\/en\/wp-json\/wp\/v2\/users\/18"}],"replies":[{"embeddable":true,"href":"https:\/\/informacaoevalor.com\/en\/wp-json\/wp\/v2\/comments?post=2225"}],"version-history":[{"count":0,"href":"https:\/\/informacaoevalor.com\/en\/wp-json\/wp\/v2\/posts\/2225\/revisions"}],"wp:featuredmedia":[{"embeddable":true,"href":"https:\/\/informacaoevalor.com\/en\/wp-json\/wp\/v2\/media\/2601"}],"wp:attachment":[{"href":"https:\/\/informacaoevalor.com\/en\/wp-json\/wp\/v2\/media?parent=2225"}],"wp:term":[{"taxonomy":"category","embeddable":true,"href":"https:\/\/informacaoevalor.com\/en\/wp-json\/wp\/v2\/categories?post=2225"},{"taxonomy":"post_tag","embeddable":true,"href":"https:\/\/informacaoevalor.com\/en\/wp-json\/wp\/v2\/tags?post=2225"}],"curies":[{"name":"wp","href":"https:\/\/api.w.org\/{rel}","templated":true}]}}